{"id":3129,"date":"2026-03-15T23:36:49","date_gmt":"2026-03-15T23:36:49","guid":{"rendered":"https:\/\/marchingbandsireland.com\/index.php\/2026\/03\/15\/st-patricks-day-parades-2026-marching-bands-preview\/"},"modified":"2026-03-15T23:36:49","modified_gmt":"2026-03-15T23:36:49","slug":"st-patricks-day-parades-2026-marching-bands-preview","status":"publish","type":"post","link":"https:\/\/marchingbandsireland.com\/index.php\/2026\/03\/15\/st-patricks-day-parades-2026-marching-bands-preview\/","title":{"rendered":"St&nbsp;Patrick\u2019s Day Parades&nbsp;2026 \u2013&nbsp;Marching Bands Preview"},"content":{"rendered":"\n<p class=\"p1\">Ireland\u2019s national holiday is all about the music. On 17&nbsp;March&nbsp;2026, parades across the island will ring with the sound of flutes, drums, brass and accordion. This overview focuses on the parades where marching bands are confirmed to appear, offering a snapshot for fans who want to hear the best of St&nbsp;Patrick\u2019s Day.<\/p>\n\n\n\n<p class=\"p3\"><strong>Big\u2011city soundtracks<\/strong><\/p>\n\n\n\n<p class=\"p1\">The Dublin parade boasts the widest variety of international groups. Ten visiting bands \u2014 including Arizona\u2019s Campo&nbsp;Verde High School Coyote&nbsp;Pride, Texas\u2019s Coppell High School Band, Iowa\u2019s Cedar&nbsp;Rapids Metro Marching&nbsp;Band, Indiana\u2019s Pendleton&nbsp;Heights Marching&nbsp;Arabians, Mississippi\u2019s South&nbsp;Jones High&nbsp;School Band and Scotland\u2019s Morrison\u2019s Academy Pipe&nbsp;Band \u2014 will march beside Dublin\u2019s Clondalkin&nbsp;Youth&nbsp;Band and the world\u2011famous Ohio&nbsp;State University Marching&nbsp;Band. Celbridge welcomes the Ohio&nbsp;State band later that afternoon for a special performance, while Kilkenny plans to reprise appearances by the University&nbsp;of&nbsp;Illinois Marching&nbsp;Illini and Campo&nbsp;Verde. In Cork, spectators can look forward to the McKinney High School \u201cRoyal&nbsp;Pride\u201d and DC&nbsp;Everest Senior High bands as well as the samba collective Batala. <\/p>\n\n\n\n<p class=\"p1\">Waterford keeps things local by giving City&nbsp;of&nbsp;Waterford&nbsp;Brass a midday slot and inviting the Absurdist&nbsp;Pipe&nbsp;Band to join the procession. Limerick\u2019s parade will feature a strong showing from the city\u2019s International Band Championship, including groups such as Brigade of the Irish Defence Forces, Banna Chluain&nbsp;Meala, Redemptorist Centre of Music Concert Band, City&nbsp;of&nbsp;Limerick Pipe&nbsp;Band and Boherbuoy Brass &amp;&nbsp;Reed Band along with American guests like Campo&nbsp;Verde and South&nbsp;Jones.<\/p>\n\n\n\n<figure class=\"wp-block-image size-large\"><img loading=\"lazy\" decoding=\"async\" width=\"1024\" height=\"576\" src=\"https:\/\/marchingbandsireland.com\/wp-content\/uploads\/2026\/03\/img_7346-1024x576.jpg\" class=\"wp-image-3128\" srcset=\"https:\/\/marchingbandsireland.com\/wp-content\/uploads\/2026\/03\/img_7346-1024x576.jpg 1024w, https:\/\/marchingbandsireland.com\/wp-content\/uploads\/2026\/03\/img_7346-300x169.jpg 300w, https:\/\/marchingbandsireland.com\/wp-content\/uploads\/2026\/03\/img_7346-768x432.jpg 768w, https:\/\/marchingbandsireland.com\/wp-content\/uploads\/2026\/03\/img_7346-1536x864.jpg 1536w, https:\/\/marchingbandsireland.com\/wp-content\/uploads\/2026\/03\/img_7346-1320x743.jpg 1320w, https:\/\/marchingbandsireland.com\/wp-content\/uploads\/2026\/03\/img_7346.jpg 1600w\" sizes=\"auto, (max-width: 1024px) 100vw, 1024px\" \/><\/figure>\n\n\n\n<p>One the largest parades of the day will be in Dungiven where the AOH host their annual St Patrick\u2019s Day parade 24 bands are expected to take part with some coming from Scotland and across Ireland.  <\/p>\n\n\n\n<p class=\"p3\"><strong>Local favourites and travelling bands<\/strong><\/p>\n\n\n\n<p class=\"p1\">Community parades make sure the island\u2019s own ensembles take centre stage. Ardee\u2019s 3&nbsp;p.m. procession will be led by the Ardee Concert&nbsp;Band, while nearby Drogheda at noon features Meath\u2019s K&nbsp;&amp;&nbsp;S&nbsp;Accordion Band, the Drogheda Brass Band and the Lourdes Brass Band. Downpatrick welcomes the Mayobridge&nbsp;Band, and Newry will be joined by the Holy&nbsp;Cross&nbsp;Band&nbsp;Atticall marking their first time at a major parade in several years they will be alongside the McDonald&nbsp;Memorial Pipe&nbsp;Band.<\/p>\n\n\n\n<figure class=\"wp-block-image size-large\"><img loading=\"lazy\" decoding=\"async\" width=\"1024\" height=\"693\" src=\"https:\/\/marchingbandsireland.com\/wp-content\/uploads\/2026\/03\/img_7345-1024x693.jpg\" class=\"wp-image-3125\" srcset=\"https:\/\/marchingbandsireland.com\/wp-content\/uploads\/2026\/03\/img_7345-1024x693.jpg 1024w, https:\/\/marchingbandsireland.com\/wp-content\/uploads\/2026\/03\/img_7345-300x203.jpg 300w, https:\/\/marchingbandsireland.com\/wp-content\/uploads\/2026\/03\/img_7345-768x519.jpg 768w, https:\/\/marchingbandsireland.com\/wp-content\/uploads\/2026\/03\/img_7345.jpg 1168w\" sizes=\"auto, (max-width: 1024px) 100vw, 1024px\" \/><\/figure>\n\n\n\n<p class=\"p1\">In the north, Armagh city hosts eleven traditional pipe and flute bands, including St&nbsp;Jarlath\u2019s Independent Pipe&nbsp;Band, Thomas&nbsp;Clarke Republican Flute&nbsp;Band, Eire&nbsp;Nua Flute&nbsp;Band and others. Dungannon assembles eight groups such as the Tom&nbsp;Clarke Memorial Band, South&nbsp;Derry Accordion&nbsp;Band and Clonoe&nbsp;Independent Pipe&nbsp;Band, while Dungiven boasts around twenty\u2011five bands and Belfast calls on the <\/p>\n\n\n\n<p class=\"p1\">Major&nbsp;Sinclair&nbsp;Memorial&nbsp;Pipe&nbsp;Band and Imperial Guards. On the coast, the St&nbsp;Joseph\u2019s Pipe&nbsp;Band from Longstone spends the morning touring its home patch \u2014 short parades in Longstone (9:15&nbsp;a.m.) and Ballymartin (9:40&nbsp;a.m. &amp;&nbsp;10:50&nbsp;a.m.) \u2014 before playing in Kilkeel at 11:45&nbsp;a.m. and later joining parades in Ardee and Warrenpoint. Ballymartin\u2019s own St&nbsp;Joseph\u2019s Flute&nbsp;Band follows a similar schedule, starting at 9:30&nbsp;a.m. then to Kilkeel (11:15&nbsp;a.m.), Rostrevor (1:30&nbsp;p.m.) and finally Warrenpoint.<\/p>\n\n\n\n<p><\/p>\n\n\n\n<p class=\"p1\">West of the Bann, community celebrations abound. Dungloe, Falcarragh, Dunfanaghy, Killybegs, Meenacross, Arranmore, Creeslough and Letterkenny each host parades featuring bands such as Banna&nbsp;Ceoil&nbsp;Cloich&nbsp;Cheann&nbsp;Fhaola, St&nbsp;Catherine\u2019s&nbsp;Band, the Dungloe Senior&nbsp;&amp;&nbsp;Junior Bands, Maghery&nbsp;Band&nbsp;Academy, the Arranmore&nbsp;Pipe&nbsp;Band and the revived Creeslough band. Moate (Westmeath) will be led by a 60\u2011member troupe from Comhaltas&nbsp;Ceolt\u00f3ir\u00ed&nbsp;\u00c9ireann, while Castlepollard\u2019s evening procession features the Mullingar Town&nbsp;Band. Further north in Aghagallon (Antrim) the Clonoe&nbsp;Independent Pipe&nbsp;Band marches in St&nbsp;Mary\u2019s GAC\u2019s parade, and Ballymartin and Kilkeel see appearances from local flute and pipe bands throughout the day.<\/p>\n\n\n\n<figure class=\"wp-block-image size-large\"><img loading=\"lazy\" decoding=\"async\" width=\"640\" height=\"427\" src=\"https:\/\/marchingbandsireland.com\/wp-content\/uploads\/2026\/03\/img_7342.jpg\" class=\"wp-image-3127\" srcset=\"https:\/\/marchingbandsireland.com\/wp-content\/uploads\/2026\/03\/img_7342.jpg 640w, https:\/\/marchingbandsireland.com\/wp-content\/uploads\/2026\/03\/img_7342-300x200.jpg 300w\" sizes=\"auto, (max-width: 640px) 100vw, 640px\" \/><\/figure>\n\n\n\n<p class=\"p3\"><strong>Plan your St&nbsp;Patrick\u2019s Day route<\/strong><\/p>\n\n\n\n<p class=\"p1\">With university marching bands sharing the streets with vintage flute bands and newly formed ensembles, St&nbsp;Patrick\u2019s Day&nbsp;2026 offers something for every music lover. Use our county\u2011by\u2011county listing for start times and band details to make sure you don\u2019t miss your favourites \u2014 whether it\u2019s hearing the Ohio&nbsp;State University Marching&nbsp;Band twice in one day, catching the Ardee Concert&nbsp;Band at home, or following a local pipe band as it travels from village to village.<\/p>\n\n\n\n<p><\/p>\n","protected":false},"excerpt":{"rendered":"<p>Ireland\u2019s national holiday is all about the music. On 17&nbsp;March&nbsp;2026, parades across the island will ring with the sound of<\/p>\n","protected":false},"author":1,"featured_media":3126,"comment_status":"open","ping_status":"closed","sticky":false,"template":"","format":"standard","meta":{"colormag_page_container_layout":"default_layout","colormag_page_sidebar_layout":"default_layout","jetpack_post_was_ever_published":false,"_jetpack_newsletter_access":"","_jetpack_dont_email_post_to_subs":false,"_jetpack_newsletter_tier_id":0,"_jetpack_memberships_contains_paywalled_content":false,"_jetpack_memberships_contains_paid_content":false,"footnotes":"","jetpack_publicize_message":"St\u00a0Patrick\u2019s Day Parades\u00a02026 \u2013\u00a0Marching Bands Preview","jetpack_publicize_feature_enabled":true,"jetpack_social_post_already_shared":true,"jetpack_social_options":{"image_generator_settings":{"template":"highway","default_image_id":0,"font":"","enabled":false},"version":2}},"categories":[20,26],"tags":[],"class_list":["post-3129","post","type-post","status-publish","format-standard","has-post-thumbnail","hentry","category-parades","category-st-patricks-day"],"yoast_head":"<!-- This site is optimized with the Yoast SEO plugin v27.1.1 - https:\/\/yoast.com\/product\/yoast-seo-wordpress\/ -->\n<title>St&nbsp;Patrick\u2019s Day Parades&nbsp;2026 \u2013&nbsp;Marching Bands Preview - Marching Bands Ireland<\/title>\n<meta name=\"robots\" content=\"index, follow, max-snippet:-1, max-image-preview:large, max-video-preview:-1\" \/>\n<link rel=\"canonical\" href=\"https:\/\/marchingbandsireland.com\/index.php\/2026\/03\/15\/st-patricks-day-parades-2026-marching-bands-preview\/\" \/>\n<meta property=\"og:locale\" content=\"en_US\" \/>\n<meta property=\"og:type\" content=\"article\" \/>\n<meta property=\"og:title\" content=\"St&nbsp;Patrick\u2019s Day Parades&nbsp;2026 \u2013&nbsp;Marching Bands Preview - Marching Bands Ireland\" \/>\n<meta property=\"og:description\" content=\"Ireland\u2019s national holiday is all about the music. On 17&nbsp;March&nbsp;2026, parades across the island will ring with the sound of\" \/>\n<meta property=\"og:url\" content=\"https:\/\/marchingbandsireland.com\/index.php\/2026\/03\/15\/st-patricks-day-parades-2026-marching-bands-preview\/\" \/>\n<meta property=\"og:site_name\" content=\"Marching Bands Ireland\" \/>\n<meta property=\"article:published_time\" content=\"2026-03-15T23:36:49+00:00\" \/>\n<meta property=\"og:image\" content=\"https:\/\/marchingbandsireland.com\/wp-content\/uploads\/2026\/03\/img_7344.jpg\" \/>\n\t<meta property=\"og:image:width\" content=\"640\" \/>\n\t<meta property=\"og:image:height\" content=\"426\" \/>\n\t<meta property=\"og:image:type\" content=\"image\/jpeg\" \/>\n<meta name=\"author\" content=\"johnmcglade150\" \/>\n<meta name=\"twitter:card\" content=\"summary_large_image\" \/>\n<meta name=\"twitter:label1\" content=\"Written by\" \/>\n\t<meta name=\"twitter:data1\" content=\"johnmcglade150\" \/>\n\t<meta name=\"twitter:label2\" content=\"Est. reading time\" \/>\n\t<meta name=\"twitter:data2\" content=\"4 minutes\" \/>\n<script type=\"application\/ld+json\" class=\"yoast-schema-graph\">{\"@context\":\"https:\/\/schema.org\",\"@graph\":[{\"@type\":\"Article\",\"@id\":\"https:\/\/marchingbandsireland.com\/index.php\/2026\/03\/15\/st-patricks-day-parades-2026-marching-bands-preview\/#article\",\"isPartOf\":{\"@id\":\"https:\/\/marchingbandsireland.com\/index.php\/2026\/03\/15\/st-patricks-day-parades-2026-marching-bands-preview\/\"},\"author\":{\"name\":\"johnmcglade150\",\"@id\":\"https:\/\/marchingbandsireland.com\/#\/schema\/person\/26a2622a4210130c7c9d4bd3d00f617d\"},\"headline\":\"St&nbsp;Patrick\u2019s Day Parades&nbsp;2026 \u2013&nbsp;Marching Bands Preview\",\"datePublished\":\"2026-03-15T23:36:49+00:00\",\"mainEntityOfPage\":{\"@id\":\"https:\/\/marchingbandsireland.com\/index.php\/2026\/03\/15\/st-patricks-day-parades-2026-marching-bands-preview\/\"},\"wordCount\":833,\"commentCount\":0,\"publisher\":{\"@id\":\"https:\/\/marchingbandsireland.com\/#organization\"},\"image\":{\"@id\":\"https:\/\/marchingbandsireland.com\/index.php\/2026\/03\/15\/st-patricks-day-parades-2026-marching-bands-preview\/#primaryimage\"},\"thumbnailUrl\":\"https:\/\/marchingbandsireland.com\/wp-content\/uploads\/2026\/03\/img_7344.jpg\",\"articleSection\":[\"Parades\",\"St Patricks Day\"],\"inLanguage\":\"en-US\",\"potentialAction\":[{\"@type\":\"CommentAction\",\"name\":\"Comment\",\"target\":[\"https:\/\/marchingbandsireland.com\/index.php\/2026\/03\/15\/st-patricks-day-parades-2026-marching-bands-preview\/#respond\"]}]},{\"@type\":\"WebPage\",\"@id\":\"https:\/\/marchingbandsireland.com\/index.php\/2026\/03\/15\/st-patricks-day-parades-2026-marching-bands-preview\/\",\"url\":\"https:\/\/marchingbandsireland.com\/index.php\/2026\/03\/15\/st-patricks-day-parades-2026-marching-bands-preview\/\",\"name\":\"St&nbsp;Patrick\u2019s Day Parades&nbsp;2026 \u2013&nbsp;Marching Bands Preview - Marching Bands Ireland\",\"isPartOf\":{\"@id\":\"https:\/\/marchingbandsireland.com\/#website\"},\"primaryImageOfPage\":{\"@id\":\"https:\/\/marchingbandsireland.com\/index.php\/2026\/03\/15\/st-patricks-day-parades-2026-marching-bands-preview\/#primaryimage\"},\"image\":{\"@id\":\"https:\/\/marchingbandsireland.com\/index.php\/2026\/03\/15\/st-patricks-day-parades-2026-marching-bands-preview\/#primaryimage\"},\"thumbnailUrl\":\"https:\/\/marchingbandsireland.com\/wp-content\/uploads\/2026\/03\/img_7344.jpg\",\"datePublished\":\"2026-03-15T23:36:49+00:00\",\"breadcrumb\":{\"@id\":\"https:\/\/marchingbandsireland.com\/index.php\/2026\/03\/15\/st-patricks-day-parades-2026-marching-bands-preview\/#breadcrumb\"},\"inLanguage\":\"en-US\",\"potentialAction\":[{\"@type\":\"ReadAction\",\"target\":[\"https:\/\/marchingbandsireland.com\/index.php\/2026\/03\/15\/st-patricks-day-parades-2026-marching-bands-preview\/\"]}]},{\"@type\":\"ImageObject\",\"inLanguage\":\"en-US\",\"@id\":\"https:\/\/marchingbandsireland.com\/index.php\/2026\/03\/15\/st-patricks-day-parades-2026-marching-bands-preview\/#primaryimage\",\"url\":\"https:\/\/marchingbandsireland.com\/wp-content\/uploads\/2026\/03\/img_7344.jpg\",\"contentUrl\":\"https:\/\/marchingbandsireland.com\/wp-content\/uploads\/2026\/03\/img_7344.jpg\",\"width\":640,\"height\":426},{\"@type\":\"BreadcrumbList\",\"@id\":\"https:\/\/marchingbandsireland.com\/index.php\/2026\/03\/15\/st-patricks-day-parades-2026-marching-bands-preview\/#breadcrumb\",\"itemListElement\":[{\"@type\":\"ListItem\",\"position\":1,\"name\":\"Home\",\"item\":\"https:\/\/marchingbandsireland.com\/\"},{\"@type\":\"ListItem\",\"position\":2,\"name\":\"St&nbsp;Patrick\u2019s Day Parades&nbsp;2026 \u2013&nbsp;Marching Bands Preview\"}]},{\"@type\":\"WebSite\",\"@id\":\"https:\/\/marchingbandsireland.com\/#website\",\"url\":\"https:\/\/marchingbandsireland.com\/\",\"name\":\"Marching Bands Ireland\",\"description\":\"\",\"publisher\":{\"@id\":\"https:\/\/marchingbandsireland.com\/#organization\"},\"potentialAction\":[{\"@type\":\"SearchAction\",\"target\":{\"@type\":\"EntryPoint\",\"urlTemplate\":\"https:\/\/marchingbandsireland.com\/?s={search_term_string}\"},\"query-input\":{\"@type\":\"PropertyValueSpecification\",\"valueRequired\":true,\"valueName\":\"search_term_string\"}}],\"inLanguage\":\"en-US\"},{\"@type\":\"Organization\",\"@id\":\"https:\/\/marchingbandsireland.com\/#organization\",\"name\":\"Marching Bands Ireland\",\"url\":\"https:\/\/marchingbandsireland.com\/\",\"logo\":{\"@type\":\"ImageObject\",\"inLanguage\":\"en-US\",\"@id\":\"https:\/\/marchingbandsireland.com\/#\/schema\/logo\/image\/\",\"url\":\"https:\/\/marchingbandsireland.com\/wp-content\/uploads\/2019\/05\/cropped-cropped-cropped-cropped-screenshot-2019-05-15-at-18.28.12-1.png\",\"contentUrl\":\"https:\/\/marchingbandsireland.com\/wp-content\/uploads\/2019\/05\/cropped-cropped-cropped-cropped-screenshot-2019-05-15-at-18.28.12-1.png\",\"width\":163,\"height\":90,\"caption\":\"Marching Bands Ireland\"},\"image\":{\"@id\":\"https:\/\/marchingbandsireland.com\/#\/schema\/logo\/image\/\"}},{\"@type\":\"Person\",\"@id\":\"https:\/\/marchingbandsireland.com\/#\/schema\/person\/26a2622a4210130c7c9d4bd3d00f617d\",\"name\":\"johnmcglade150\",\"image\":{\"@type\":\"ImageObject\",\"inLanguage\":\"en-US\",\"@id\":\"https:\/\/marchingbandsireland.com\/#\/schema\/person\/image\/\",\"url\":\"https:\/\/secure.gravatar.com\/avatar\/979e9af104a71021e505c9a012ff3b37ecb062273885cec6058e097e00f35dc6?s=96&d=mm&r=g\",\"contentUrl\":\"https:\/\/secure.gravatar.com\/avatar\/979e9af104a71021e505c9a012ff3b37ecb062273885cec6058e097e00f35dc6?s=96&d=mm&r=g\",\"caption\":\"johnmcglade150\"},\"sameAs\":[\"https:\/\/marchingbandsireland.com\"],\"url\":\"https:\/\/marchingbandsireland.com\/index.php\/author\/johnmcglade150\/\"}]}<\/script>\n<!-- \/ Yoast SEO plugin. -->","yoast_head_json":{"title":"St&nbsp;Patrick\u2019s Day Parades&nbsp;2026 \u2013&nbsp;Marching Bands Preview - Marching Bands Ireland","robots":{"index":"index","follow":"follow","max-snippet":"max-snippet:-1","max-image-preview":"max-image-preview:large","max-video-preview":"max-video-preview:-1"},"canonical":"https:\/\/marchingbandsireland.com\/index.php\/2026\/03\/15\/st-patricks-day-parades-2026-marching-bands-preview\/","og_locale":"en_US","og_type":"article","og_title":"St&nbsp;Patrick\u2019s Day Parades&nbsp;2026 \u2013&nbsp;Marching Bands Preview - Marching Bands Ireland","og_description":"Ireland\u2019s national holiday is all about the music. On 17&nbsp;March&nbsp;2026, parades across the island will ring with the sound of","og_url":"https:\/\/marchingbandsireland.com\/index.php\/2026\/03\/15\/st-patricks-day-parades-2026-marching-bands-preview\/","og_site_name":"Marching Bands Ireland","article_published_time":"2026-03-15T23:36:49+00:00","og_image":[{"width":640,"height":426,"url":"https:\/\/marchingbandsireland.com\/wp-content\/uploads\/2026\/03\/img_7344.jpg","type":"image\/jpeg"}],"author":"johnmcglade150","twitter_card":"summary_large_image","twitter_misc":{"Written by":"johnmcglade150","Est. reading time":"4 minutes"},"schema":{"@context":"https:\/\/schema.org","@graph":[{"@type":"Article","@id":"https:\/\/marchingbandsireland.com\/index.php\/2026\/03\/15\/st-patricks-day-parades-2026-marching-bands-preview\/#article","isPartOf":{"@id":"https:\/\/marchingbandsireland.com\/index.php\/2026\/03\/15\/st-patricks-day-parades-2026-marching-bands-preview\/"},"author":{"name":"johnmcglade150","@id":"https:\/\/marchingbandsireland.com\/#\/schema\/person\/26a2622a4210130c7c9d4bd3d00f617d"},"headline":"St&nbsp;Patrick\u2019s Day Parades&nbsp;2026 \u2013&nbsp;Marching Bands Preview","datePublished":"2026-03-15T23:36:49+00:00","mainEntityOfPage":{"@id":"https:\/\/marchingbandsireland.com\/index.php\/2026\/03\/15\/st-patricks-day-parades-2026-marching-bands-preview\/"},"wordCount":833,"commentCount":0,"publisher":{"@id":"https:\/\/marchingbandsireland.com\/#organization"},"image":{"@id":"https:\/\/marchingbandsireland.com\/index.php\/2026\/03\/15\/st-patricks-day-parades-2026-marching-bands-preview\/#primaryimage"},"thumbnailUrl":"https:\/\/marchingbandsireland.com\/wp-content\/uploads\/2026\/03\/img_7344.jpg","articleSection":["Parades","St Patricks Day"],"inLanguage":"en-US","potentialAction":[{"@type":"CommentAction","name":"Comment","target":["https:\/\/marchingbandsireland.com\/index.php\/2026\/03\/15\/st-patricks-day-parades-2026-marching-bands-preview\/#respond"]}]},{"@type":"WebPage","@id":"https:\/\/marchingbandsireland.com\/index.php\/2026\/03\/15\/st-patricks-day-parades-2026-marching-bands-preview\/","url":"https:\/\/marchingbandsireland.com\/index.php\/2026\/03\/15\/st-patricks-day-parades-2026-marching-bands-preview\/","name":"St&nbsp;Patrick\u2019s Day Parades&nbsp;2026 \u2013&nbsp;Marching Bands Preview - Marching Bands Ireland","isPartOf":{"@id":"https:\/\/marchingbandsireland.com\/#website"},"primaryImageOfPage":{"@id":"https:\/\/marchingbandsireland.com\/index.php\/2026\/03\/15\/st-patricks-day-parades-2026-marching-bands-preview\/#primaryimage"},"image":{"@id":"https:\/\/marchingbandsireland.com\/index.php\/2026\/03\/15\/st-patricks-day-parades-2026-marching-bands-preview\/#primaryimage"},"thumbnailUrl":"https:\/\/marchingbandsireland.com\/wp-content\/uploads\/2026\/03\/img_7344.jpg","datePublished":"2026-03-15T23:36:49+00:00","breadcrumb":{"@id":"https:\/\/marchingbandsireland.com\/index.php\/2026\/03\/15\/st-patricks-day-parades-2026-marching-bands-preview\/#breadcrumb"},"inLanguage":"en-US","potentialAction":[{"@type":"ReadAction","target":["https:\/\/marchingbandsireland.com\/index.php\/2026\/03\/15\/st-patricks-day-parades-2026-marching-bands-preview\/"]}]},{"@type":"ImageObject","inLanguage":"en-US","@id":"https:\/\/marchingbandsireland.com\/index.php\/2026\/03\/15\/st-patricks-day-parades-2026-marching-bands-preview\/#primaryimage","url":"https:\/\/marchingbandsireland.com\/wp-content\/uploads\/2026\/03\/img_7344.jpg","contentUrl":"https:\/\/marchingbandsireland.com\/wp-content\/uploads\/2026\/03\/img_7344.jpg","width":640,"height":426},{"@type":"BreadcrumbList","@id":"https:\/\/marchingbandsireland.com\/index.php\/2026\/03\/15\/st-patricks-day-parades-2026-marching-bands-preview\/#breadcrumb","itemListElement":[{"@type":"ListItem","position":1,"name":"Home","item":"https:\/\/marchingbandsireland.com\/"},{"@type":"ListItem","position":2,"name":"St&nbsp;Patrick\u2019s Day Parades&nbsp;2026 \u2013&nbsp;Marching Bands Preview"}]},{"@type":"WebSite","@id":"https:\/\/marchingbandsireland.com\/#website","url":"https:\/\/marchingbandsireland.com\/","name":"Marching Bands Ireland","description":"","publisher":{"@id":"https:\/\/marchingbandsireland.com\/#organization"},"potentialAction":[{"@type":"SearchAction","target":{"@type":"EntryPoint","urlTemplate":"https:\/\/marchingbandsireland.com\/?s={search_term_string}"},"query-input":{"@type":"PropertyValueSpecification","valueRequired":true,"valueName":"search_term_string"}}],"inLanguage":"en-US"},{"@type":"Organization","@id":"https:\/\/marchingbandsireland.com\/#organization","name":"Marching Bands Ireland","url":"https:\/\/marchingbandsireland.com\/","logo":{"@type":"ImageObject","inLanguage":"en-US","@id":"https:\/\/marchingbandsireland.com\/#\/schema\/logo\/image\/","url":"https:\/\/marchingbandsireland.com\/wp-content\/uploads\/2019\/05\/cropped-cropped-cropped-cropped-screenshot-2019-05-15-at-18.28.12-1.png","contentUrl":"https:\/\/marchingbandsireland.com\/wp-content\/uploads\/2019\/05\/cropped-cropped-cropped-cropped-screenshot-2019-05-15-at-18.28.12-1.png","width":163,"height":90,"caption":"Marching Bands Ireland"},"image":{"@id":"https:\/\/marchingbandsireland.com\/#\/schema\/logo\/image\/"}},{"@type":"Person","@id":"https:\/\/marchingbandsireland.com\/#\/schema\/person\/26a2622a4210130c7c9d4bd3d00f617d","name":"johnmcglade150","image":{"@type":"ImageObject","inLanguage":"en-US","@id":"https:\/\/marchingbandsireland.com\/#\/schema\/person\/image\/","url":"https:\/\/secure.gravatar.com\/avatar\/979e9af104a71021e505c9a012ff3b37ecb062273885cec6058e097e00f35dc6?s=96&d=mm&r=g","contentUrl":"https:\/\/secure.gravatar.com\/avatar\/979e9af104a71021e505c9a012ff3b37ecb062273885cec6058e097e00f35dc6?s=96&d=mm&r=g","caption":"johnmcglade150"},"sameAs":["https:\/\/marchingbandsireland.com"],"url":"https:\/\/marchingbandsireland.com\/index.php\/author\/johnmcglade150\/"}]}},"jetpack_publicize_connections":[],"jetpack_featured_media_url":"https:\/\/marchingbandsireland.com\/wp-content\/uploads\/2026\/03\/img_7344.jpg","jetpack_sharing_enabled":true,"_links":{"self":[{"href":"https:\/\/marchingbandsireland.com\/index.php\/wp-json\/wp\/v2\/posts\/3129","targetHints":{"allow":["GET"]}}],"collection":[{"href":"https:\/\/marchingbandsireland.com\/index.php\/wp-json\/wp\/v2\/posts"}],"about":[{"href":"https:\/\/marchingbandsireland.com\/index.php\/wp-json\/wp\/v2\/types\/post"}],"author":[{"embeddable":true,"href":"https:\/\/marchingbandsireland.com\/index.php\/wp-json\/wp\/v2\/users\/1"}],"replies":[{"embeddable":true,"href":"https:\/\/marchingbandsireland.com\/index.php\/wp-json\/wp\/v2\/comments?post=3129"}],"version-history":[{"count":0,"href":"https:\/\/marchingbandsireland.com\/index.php\/wp-json\/wp\/v2\/posts\/3129\/revisions"}],"wp:featuredmedia":[{"embeddable":true,"href":"https:\/\/marchingbandsireland.com\/index.php\/wp-json\/wp\/v2\/media\/3126"}],"wp:attachment":[{"href":"https:\/\/marchingbandsireland.com\/index.php\/wp-json\/wp\/v2\/media?parent=3129"}],"wp:term":[{"taxonomy":"category","embeddable":true,"href":"https:\/\/marchingbandsireland.com\/index.php\/wp-json\/wp\/v2\/categories?post=3129"},{"taxonomy":"post_tag","embeddable":true,"href":"https:\/\/marchingbandsireland.com\/index.php\/wp-json\/wp\/v2\/tags?post=3129"}],"curies":[{"name":"wp","href":"https:\/\/api.w.org\/{rel}","templated":true}]}}