{"id":3124,"date":"2026-03-15T23:25:15","date_gmt":"2026-03-15T23:25:15","guid":{"rendered":"https:\/\/marchingbandsireland.com\/index.php\/2026\/03\/15\/st-patricks-day-parades-2026-county-by-county\/"},"modified":"2026-03-17T15:07:16","modified_gmt":"2026-03-17T15:07:16","slug":"st-patricks-day-parades-2026-county-by-county","status":"publish","type":"post","link":"https:\/\/marchingbandsireland.com\/index.php\/2026\/03\/15\/st-patricks-day-parades-2026-county-by-county\/","title":{"rendered":"St&nbsp;Patrick\u2019s Day Parades&nbsp;2026&nbsp;\u2013&nbsp;County\u2011by\u2011County"},"content":{"rendered":"\n<p class=\"p3\">Welcome to our quick\u2011reference guide for Marching Bands&nbsp;Ireland. This list covers parades taking place on 17&nbsp;March&nbsp;2026 across the island of Ireland, arranged by county. Each entry notes the start time and the marching bands confirmed to participate.&nbsp;<\/p>\n\n\n\n<figure class=\"wp-block-image size-large\"><img loading=\"lazy\" decoding=\"async\" width=\"1500\" height=\"1000\" src=\"https:\/\/marchingbandsireland.com\/wp-content\/uploads\/2025\/08\/img_3752.jpg\" alt=\"\" class=\"wp-image-2850\" srcset=\"https:\/\/marchingbandsireland.com\/wp-content\/uploads\/2025\/08\/img_3752.jpg 1500w, https:\/\/marchingbandsireland.com\/wp-content\/uploads\/2025\/08\/img_3752-300x200.jpg 300w\" sizes=\"auto, (max-width: 1500px) 100vw, 1500px\" \/><\/figure>\n\n\n\n<p class=\"p1\"><strong>County&nbsp;Antrim<\/strong><\/p>\n\n\n\n<p class=\"p1\">Belfast \u2013 13:00: Major&nbsp;Sinclair&nbsp;Memorial&nbsp;Pipe&nbsp;Band and Imperial&nbsp;Guards. Aghagallon \u2013 11:30: Clonoe&nbsp;Independent Pipe&nbsp;Band marches with St&nbsp;Mary\u2019s&nbsp;GAC parade. Randalstown \u2013 12:30: St&nbsp;Patrick\u2019s Accordion&nbsp;Band (Corran). <\/p>\n\n\n\n<p class=\"p1\">Other Antrim parades \u2013 bands&nbsp;TBC.<\/p>\n\n\n\n<p class=\"p1\"><strong>County&nbsp;Armagh<\/strong><\/p>\n\n\n\n<p class=\"p1\">Armagh&nbsp;city \u2013 Morning: St&nbsp;Jarlath\u2019s Independent Pipe&nbsp;Band, Thomas&nbsp;Clarke Republican Flute&nbsp;Band, Eire&nbsp;Nua Flute&nbsp;Band, St&nbsp;Patrick\u2019s Accordion&nbsp;Band, Lambeg&nbsp;Drums&nbsp;&amp;&nbsp;Fifes, Banna&nbsp;Piob&nbsp;na&nbsp;nGael, Recycled&nbsp;Rhythms, Rose&nbsp;of&nbsp;Armagh Accordion&nbsp;Band, Shankill&nbsp;Shepherds Flute&nbsp;Band, Armagh&nbsp;Community&nbsp;Church Choir and Conway&nbsp;Accordion&nbsp;Band. <\/p>\n\n\n\n<p class=\"p1\">Lurgan \u2013 11:30: Banna&nbsp;Piob&nbsp;na&nbsp;nGael. Blackwatertown \u2013 12:00: St&nbsp;Jarlath\u2019s Pipe&nbsp;Band.<\/p>\n\n\n\n<p class=\"p1\"><strong>County&nbsp;Derry<\/strong><\/p>\n\n\n\n<p class=\"p1\">Dungiven \u2013 14:30: Approximately 25 bands, including Sarsfields Accordion&nbsp;Band, St&nbsp;Patrick\u2019s Accordion&nbsp;Band, St&nbsp;Joseph\u2019s&nbsp;Pipe&nbsp;Band, St&nbsp;Patrick\u2019s Flute&nbsp;Band and many other accordion and flute bands. <\/p>\n\n\n\n<p class=\"p1\">Derry&nbsp;city \u2013 13:00: bands&nbsp;TBC. <\/p>\n\n\n\n<p class=\"p1\">Gortrighey (Limavady) \u2013 Morning\/afternoon: Pride&nbsp;of&nbsp;Erin Accordion&nbsp;Band and Sons&nbsp;of&nbsp;Ireland Flute&nbsp;Band. Loup&nbsp;(Magherafelt) \u2013 10:30: St&nbsp;Patrick\u2019s&nbsp;Flute&nbsp;Band.<\/p>\n\n\n\n<p class=\"p1\"><strong>County&nbsp;Down<\/strong><\/p>\n\n\n\n<p class=\"p1\">Kilkeel <\/p>\n\n\n\n<p class=\"p1\">09:30: St&nbsp;Josephs&nbsp;Pipe&nbsp;Band&nbsp;Glasdrumman 11:00 Banna Fliuit Naoimh Phadraig.          11:15: St&nbsp;Joseph\u2019s&nbsp;Flute&nbsp;Band (Ballymartin) 11:45: St&nbsp;Joseph\u2019s&nbsp;Pipe&nbsp;Band (Longstone) <\/p>\n\n\n\n<p class=\"p1\">&nbsp;Rostrevor \u2013 13:30: <\/p>\n\n\n\n<p class=\"p1\">St&nbsp;Joseph\u2019s&nbsp;Flute&nbsp;Band (Ballymartin)<\/p>\n\n\n\n<p class=\"p1\">Warrenpoint; <\/p>\n\n\n\n<p class=\"p1\">2:30pm &#8211; St&nbsp;Joseph\u2019s&nbsp;Flute&nbsp;Band                      7pm- St&nbsp;Joseph\u2019s&nbsp;Pipe&nbsp;Band (Longstone)<\/p>\n\n\n\n<p class=\"p1\">Newry \u2013 13:00: Holy&nbsp;Cross&nbsp;Band&nbsp;Atticall and McDonald&nbsp;Memorial&nbsp;Pipe&nbsp;Band.<\/p>\n\n\n\n<p class=\"p1\">Longstone &amp;&nbsp;Ballymartin \u2013 09:15\u201310:50: St&nbsp;Joseph\u2019s&nbsp;Pipe&nbsp;Band (Longstone)<\/p>\n\n\n\n<p><\/p>\n\n\n\n<p class=\"p1\"><strong>County&nbsp;Carlow<\/strong><\/p>\n\n\n\n<p class=\"p1\">Carlow&nbsp;Town \u2013 15:00: community parade along Kennedy Avenue; bands&nbsp;TBC.<\/p>\n\n\n\n<p class=\"p1\">Bagenalstown \u2013 13:00: annual parade gathering voluntary groups and organisations; bands&nbsp;TBC. <\/p>\n\n\n\n<p class=\"p1\">Ballon \u2013 15:00: village parade celebrating its 40th anniversary; bands&nbsp;TBC. <\/p>\n\n\n\n<p class=\"p1\">Tullow \u2013 13:00: Year of the Leprechaun parade along Dublin Road; bands&nbsp;TBC. Borris \u2013 13:30: community parade in the village; bands&nbsp;TBC.<\/p>\n\n\n\n<p class=\"p1\"><strong>County&nbsp;Tyrone<\/strong><\/p>\n\n\n\n<p class=\"p1\">Dungannon&nbsp;(town&nbsp;centre) \u2013 15:00: Tom&nbsp;Clarke Memorial&nbsp;Band, Banna&nbsp;Piob&nbsp;na&nbsp;nGael, South&nbsp;Derry Accordion&nbsp;Band, Naomh&nbsp;Padraig Flute&nbsp;Band, Brantry Pipe&nbsp;Band, Cloughfin&nbsp;Pipe&nbsp;Band, Clonoe&nbsp;Independent Pipe&nbsp;Band and St&nbsp;Patrick\u2019s Accordion&nbsp;Band (Corran). <\/p>\n\n\n\n<p class=\"p1\">Strabane \u2013 14:00: Strabane&nbsp;Brass&nbsp;Band, Strabane&nbsp;St&nbsp;Patrick\u2019s&nbsp;Day&nbsp;Band, Strabane&nbsp;Memorial&nbsp;Flute&nbsp;Band and John&nbsp;Bready&nbsp;Memorial&nbsp;Flute&nbsp;Band. <\/p>\n\n\n\n<p class=\"p1\">Omagh \u2013 15:00: four bands&nbsp;TBC.<\/p>\n\n\n\n<p class=\"p1\"><strong>County&nbsp;Fermanagh<\/strong><\/p>\n\n\n\n<p class=\"p1\">Enniskillen \u2013 15:30: \u201cShamrocks &amp; Shared Stories\u201d parade with community floats and local marching bands; specific band names have not been announced.<\/p>\n\n\n\n<p class=\"p1\"><strong>County&nbsp;Louth<\/strong><\/p>\n\n\n\n<p class=\"p1\">Dundalk \u2013 13:00: Carlingford&nbsp;Pipe&nbsp;Band. Ardee \u2013 15:00: Ardee&nbsp;Concert&nbsp;Band leads the parade; St&nbsp;Joseph\u2019s&nbsp;Pipe&nbsp;Band (Longstone) also makes an appearance. <\/p>\n\n\n\n<p class=\"p1\">Drogheda \u2013 12:00: Drogheda&nbsp;Brass&nbsp;Band and Lourdes&nbsp;Brass&nbsp;Band join the parade.<\/p>\n\n\n\n<p class=\"p1\"><strong>County&nbsp;Dublin<\/strong><\/p>\n\n\n\n<p class=\"p1\">Dublin&nbsp;city \u2013 12:00: Campo&nbsp;Verde High&nbsp;School Coyote&nbsp;Pride&nbsp;Marching&nbsp;Band (Arizona), Coppell&nbsp;High&nbsp;School Marching&nbsp;Band (Texas), Watertown High&nbsp;School \u201cGosling\u201d Marching&nbsp;Band (Wisconsin), Cedar&nbsp;Rapids&nbsp;Metro Marching&nbsp;Band (Iowa), Pendleton&nbsp;Heights Marching&nbsp;Arabians (Indiana), South&nbsp;Jones High&nbsp;School Marching&nbsp;Band (Mississippi), Morrison\u2019s Academy Pipe&nbsp;Band (Perthshire), Clondalkin&nbsp;Youth&nbsp;Band (Dublin), University&nbsp;of&nbsp;Illinois \u201cMarching&nbsp;Illini\u201d and Ohio&nbsp;State University Marching&nbsp;Band.<\/p>\n\n\n\n<p class=\"p1\">Tallaght \u2013 13:30: Tallaght&nbsp;Marching&nbsp;Band leads its home parade.<\/p>\n\n\n\n<p class=\"p1\"><strong>County&nbsp;Kildare<\/strong><\/p>\n\n\n\n<p class=\"p1\">Celbridge \u2013 16:00: Ohio&nbsp;State University Marching&nbsp;Band, with a pre\u2011parade performance at 14:30.<\/p>\n\n\n\n<p class=\"p1\"><strong>County&nbsp;Offaly<\/strong><\/p>\n\n\n\n<p class=\"p1\">Tullamore \u2013 11:30: National Ambulance Service Pipes &amp;&nbsp;Drums band (NAS) leads the parade; Mullingar&nbsp;Town&nbsp;Band also performs. <\/p>\n\n\n\n<figure class=\"wp-block-image size-large\"><img loading=\"lazy\" decoding=\"async\" width=\"1024\" height=\"768\" src=\"https:\/\/marchingbandsireland.com\/wp-content\/uploads\/2026\/03\/img_7340-1024x768.jpg\" alt=\"\" class=\"wp-image-3123\" srcset=\"https:\/\/marchingbandsireland.com\/wp-content\/uploads\/2026\/03\/img_7340-1024x768.jpg 1024w, https:\/\/marchingbandsireland.com\/wp-content\/uploads\/2026\/03\/img_7340-300x225.jpg 300w, https:\/\/marchingbandsireland.com\/wp-content\/uploads\/2026\/03\/img_7340-768x576.jpg 768w, https:\/\/marchingbandsireland.com\/wp-content\/uploads\/2026\/03\/img_7340-1320x990.jpg 1320w, https:\/\/marchingbandsireland.com\/wp-content\/uploads\/2026\/03\/img_7340.jpg 1440w\" sizes=\"auto, (max-width: 1024px) 100vw, 1024px\" \/><\/figure>\n\n\n\n<p class=\"p1\">Clara \u2013 12:30: Clara&nbsp;Town&nbsp;Band marches through the town with Mullingar&nbsp;Town&nbsp;Band. Edenderry \u2013 12:30: bands&nbsp;TBC. Banagher \u2013 15:00: bands&nbsp;TBC. <\/p>\n\n\n\n<p class=\"p1\">Rhode \u2013 10:00: bands&nbsp;TBC.<\/p>\n\n\n\n<p class=\"p1\"><strong>County&nbsp;Cork<\/strong><\/p>\n\n\n\n<p class=\"p1\">Cork&nbsp;city \u2013 13:00: McKinney High&nbsp;School \u201cRoyal&nbsp;Pride\u201d Marching&nbsp;Band (Texas), DC&nbsp;Everest&nbsp;Senior High&nbsp;Marching&nbsp;Band (Wisconsin) and Batala (samba drum ensemble).<\/p>\n\n\n\n<p class=\"p1\"><strong>County&nbsp;Waterford<\/strong><\/p>\n\n\n\n<p class=\"p1\">Waterford&nbsp;city \u2013 13:00\u201315:00: City&nbsp;of&nbsp;Waterford&nbsp;Brass offers a noon concert ahead of the parade; the Absurdist&nbsp;Pipe&nbsp;Band joins the procession.<\/p>\n\n\n\n<p class=\"p1\"><strong>County&nbsp;Galway<\/strong><\/p>\n\n\n\n<p class=\"p1\">Galway&nbsp;city \u2013 11:30: bands&nbsp;TBC. Moycullen \u2013 14:00: Galway\u2019s&nbsp;St&nbsp;Patrick\u2019s Brass&nbsp;Band. Other&nbsp;Galway&nbsp;towns \u2013 parades take place in Athenry, Ballinasloe, Clifden, Craughwell, Gort, Kinvara, Loughrea, Oranmore, Oughterard, Portumna, Roundstone and Tuam; bands&nbsp;TBC.<\/p>\n\n\n\n<p class=\"p1\"><strong>County&nbsp;Sligo<\/strong><\/p>\n\n\n\n<p class=\"p1\">Sligo&nbsp;town \u2013 12:00: Sligo&nbsp;Jazz&nbsp;Orchestra and Sligo&nbsp;Concert&nbsp;Band provide live music along the route.<\/p>\n\n\n\n<p class=\"p1\"><strong>County&nbsp;Wexford<\/strong><\/p>\n\n\n\n<p class=\"p1\">Wexford&nbsp;town \u2013 10:00\u201312:00: Wexford&nbsp;Pride group marches behind Bloco&nbsp;Garman (drumming ensemble). Bunclody \u2013 Afternoon: Naomh&nbsp;Caoimh\u00edn contae&nbsp;Loch&nbsp;Garman.<\/p>\n\n\n\n<p class=\"p1\"><strong>County&nbsp;Donegal<\/strong><\/p>\n\n\n\n<p class=\"p1\">Falcarragh \u2013 15:30: Banna&nbsp;Ceoil&nbsp;Cloich&nbsp;Cheann&nbsp;Fhaola (senior and junior sections) perform before and after Mass, then lead the parade. Dunfanaghy \u2013 midday: Banna&nbsp;Ceoil&nbsp;Cloich&nbsp;Cheann&nbsp;Fhaola participates. Dungloe \u2013 15:30: Dungloe&nbsp;Senior&nbsp;&amp;&nbsp;Junior Band. Killybegs \u2013 around&nbsp;15:00: St&nbsp;Catherine\u2019s Band. Meenacross \u2013 09:00: Maghery&nbsp;Band&nbsp;Academy. Arranmore&nbsp;(\u00c1rainn&nbsp;Mh\u00f3r) \u2013 Time&nbsp;TBC: Arranmore&nbsp;Pipe&nbsp;Band. Creeslough \u2013 Time&nbsp;TBC: Creeslough band. Letterkenny \u2013 Time&nbsp;TBC: Letterkenny&nbsp;Pipe&nbsp;Band.<\/p>\n\n\n\n<p class=\"p1\"><strong>County&nbsp;Kilkenny<\/strong><\/p>\n\n\n\n<p class=\"p1\">Kilkenny&nbsp;city \u2013 13:00: University&nbsp;of&nbsp;Illinois&nbsp;Marching&nbsp;Illini, Ohio&nbsp;State University Marching&nbsp;Band and Campo&nbsp;Verde High&nbsp;School Marching&nbsp;Band are expected to perform during the festival parade.<\/p>\n\n\n\n<p class=\"p1\"><strong>County&nbsp;Limerick<\/strong><\/p>\n\n\n\n<p class=\"p1\">Limerick&nbsp;city \u2013 12:00: Parade with the theme \u201cLegends of Limerick\u201d featuring bands from the 54th International Band Championship: Brigade of the Irish Defence Forces, CBS&nbsp;Pipe&nbsp;Band, St&nbsp;Mary\u2019s Fife&nbsp;&amp;&nbsp;Drum&nbsp;Band (Limerick), Golden&nbsp;Eagles Pathfinder Drum&nbsp;Corps (Ghana), Banna&nbsp;Chluain&nbsp;Meala, Redemptorist&nbsp;Centre of Music Concert&nbsp;Band, Clondalkin&nbsp;Youth&nbsp;Band, Mullingar&nbsp;Town&nbsp;Band, Campo&nbsp;Verde High&nbsp;School Coyote&nbsp;Pride&nbsp;Marching&nbsp;Band, South&nbsp;Jones High&nbsp;School&nbsp;Band, City&nbsp;of&nbsp;Limerick Pipe&nbsp;Band, Boherbuoy Brass&nbsp;and Reed&nbsp;Band, Hammonds&nbsp;Brass Band (Yorkshire) and McKinney&nbsp;High&nbsp;School Royal Pride&nbsp;Band &amp;&nbsp;Marquettes.<\/p>\n\n\n\n<p class=\"p1\"><strong>County&nbsp;Kerry<\/strong><\/p>\n\n\n\n<p class=\"p1\">Killarney \u2013 14:00: Community parade with floats and local performers; bands&nbsp;TBC.<\/p>\n\n\n\n<p class=\"p1\"><strong>County&nbsp;Westmeath<\/strong><\/p>\n\n\n\n<p class=\"p1\">Athlone \u2013 12:30: Parade along Magazine&nbsp;Road to Golden&nbsp;Island; no marching bands announced. <\/p>\n\n\n\n<p class=\"p1\">Mullingar \u2013 15:00: Mullingar&nbsp;Town&nbsp;Band leads the town parade. <\/p>\n\n\n\n<p class=\"p1\">Moate \u2013 13:30: Parade led by Moate&nbsp;Comhaltas&nbsp;Ceolt\u00f3ir\u00ed&nbsp;\u00c9ireann;<\/p>\n\n\n\n<p class=\"p1\">Castlepollard&nbsp;(North&nbsp;Westmeath) \u2013 17:00: Evening parade featuring Mullingar&nbsp;Town&nbsp;Band.<\/p>\n\n\n\n<p><strong>County Meath<\/strong><\/p>\n\n\n\n<p>K&nbsp;&amp;&nbsp;S&nbsp;Accordion&nbsp;Band will be performing at Athboy at 12:30pm, in the Navan parade at 2pm and Slane at 3:30pm.<\/p>\n","protected":false},"excerpt":{"rendered":"<p>Welcome to our quick\u2011reference guide for Marching Bands&nbsp;Ireland. This list covers parades taking place on 17&nbsp;March&nbsp;2026 across the island of<\/p>\n","protected":false},"author":1,"featured_media":2983,"comment_status":"open","ping_status":"closed","sticky":false,"template":"","format":"standard","meta":{"colormag_page_container_layout":"default_layout","colormag_page_sidebar_layout":"default_layout","jetpack_post_was_ever_published":false,"_jetpack_newsletter_access":"","_jetpack_dont_email_post_to_subs":false,"_jetpack_newsletter_tier_id":0,"_jetpack_memberships_contains_paywalled_content":false,"_jetpack_memberships_contains_paid_content":false,"footnotes":"","jetpack_publicize_message":"St\u00a0Patrick\u2019s Day Parades\u00a02026\u00a0\u2013\u00a0County\u2011by\u2011County","jetpack_publicize_feature_enabled":true,"jetpack_social_post_already_shared":true,"jetpack_social_options":{"image_generator_settings":{"template":"highway","default_image_id":0,"font":"","enabled":false},"version":2}},"categories":[26],"tags":[],"class_list":["post-3124","post","type-post","status-publish","format-standard","has-post-thumbnail","hentry","category-st-patricks-day"],"yoast_head":"<!-- This site is optimized with the Yoast SEO plugin v27.1.1 - https:\/\/yoast.com\/product\/yoast-seo-wordpress\/ -->\n<title>St&nbsp;Patrick\u2019s Day Parades&nbsp;2026&nbsp;\u2013&nbsp;County\u2011by\u2011County - Marching Bands Ireland<\/title>\n<meta name=\"robots\" content=\"index, follow, max-snippet:-1, max-image-preview:large, max-video-preview:-1\" \/>\n<link rel=\"canonical\" href=\"https:\/\/marchingbandsireland.com\/index.php\/2026\/03\/15\/st-patricks-day-parades-2026-county-by-county\/\" \/>\n<meta property=\"og:locale\" content=\"en_US\" \/>\n<meta property=\"og:type\" content=\"article\" \/>\n<meta property=\"og:title\" content=\"St&nbsp;Patrick\u2019s Day Parades&nbsp;2026&nbsp;\u2013&nbsp;County\u2011by\u2011County - Marching Bands Ireland\" \/>\n<meta property=\"og:description\" content=\"Welcome to our quick\u2011reference guide for Marching Bands&nbsp;Ireland. This list covers parades taking place on 17&nbsp;March&nbsp;2026 across the island of\" \/>\n<meta property=\"og:url\" content=\"https:\/\/marchingbandsireland.com\/index.php\/2026\/03\/15\/st-patricks-day-parades-2026-county-by-county\/\" \/>\n<meta property=\"og:site_name\" content=\"Marching Bands Ireland\" \/>\n<meta property=\"article:published_time\" content=\"2026-03-15T23:25:15+00:00\" \/>\n<meta property=\"article:modified_time\" content=\"2026-03-17T15:07:16+00:00\" \/>\n<meta property=\"og:image\" content=\"https:\/\/marchingbandsireland.com\/wp-content\/uploads\/2025\/08\/img_3778-2.jpg\" \/>\n\t<meta property=\"og:image:width\" content=\"1500\" \/>\n\t<meta property=\"og:image:height\" content=\"1000\" \/>\n\t<meta property=\"og:image:type\" content=\"image\/jpeg\" \/>\n<meta name=\"author\" content=\"johnmcglade150\" \/>\n<meta name=\"twitter:card\" content=\"summary_large_image\" \/>\n<meta name=\"twitter:label1\" content=\"Written by\" \/>\n\t<meta name=\"twitter:data1\" content=\"johnmcglade150\" \/>\n\t<meta name=\"twitter:label2\" content=\"Est. reading time\" \/>\n\t<meta name=\"twitter:data2\" content=\"6 minutes\" \/>\n<script type=\"application\/ld+json\" class=\"yoast-schema-graph\">{\"@context\":\"https:\/\/schema.org\",\"@graph\":[{\"@type\":\"Article\",\"@id\":\"https:\/\/marchingbandsireland.com\/index.php\/2026\/03\/15\/st-patricks-day-parades-2026-county-by-county\/#article\",\"isPartOf\":{\"@id\":\"https:\/\/marchingbandsireland.com\/index.php\/2026\/03\/15\/st-patricks-day-parades-2026-county-by-county\/\"},\"author\":{\"name\":\"johnmcglade150\",\"@id\":\"https:\/\/marchingbandsireland.com\/#\/schema\/person\/26a2622a4210130c7c9d4bd3d00f617d\"},\"headline\":\"St&nbsp;Patrick\u2019s Day Parades&nbsp;2026&nbsp;\u2013&nbsp;County\u2011by\u2011County\",\"datePublished\":\"2026-03-15T23:25:15+00:00\",\"dateModified\":\"2026-03-17T15:07:16+00:00\",\"mainEntityOfPage\":{\"@id\":\"https:\/\/marchingbandsireland.com\/index.php\/2026\/03\/15\/st-patricks-day-parades-2026-county-by-county\/\"},\"wordCount\":1274,\"commentCount\":0,\"publisher\":{\"@id\":\"https:\/\/marchingbandsireland.com\/#organization\"},\"image\":{\"@id\":\"https:\/\/marchingbandsireland.com\/index.php\/2026\/03\/15\/st-patricks-day-parades-2026-county-by-county\/#primaryimage\"},\"thumbnailUrl\":\"https:\/\/marchingbandsireland.com\/wp-content\/uploads\/2025\/08\/img_3778-2.jpg\",\"articleSection\":[\"St Patricks Day\"],\"inLanguage\":\"en-US\",\"potentialAction\":[{\"@type\":\"CommentAction\",\"name\":\"Comment\",\"target\":[\"https:\/\/marchingbandsireland.com\/index.php\/2026\/03\/15\/st-patricks-day-parades-2026-county-by-county\/#respond\"]}]},{\"@type\":\"WebPage\",\"@id\":\"https:\/\/marchingbandsireland.com\/index.php\/2026\/03\/15\/st-patricks-day-parades-2026-county-by-county\/\",\"url\":\"https:\/\/marchingbandsireland.com\/index.php\/2026\/03\/15\/st-patricks-day-parades-2026-county-by-county\/\",\"name\":\"St&nbsp;Patrick\u2019s Day Parades&nbsp;2026&nbsp;\u2013&nbsp;County\u2011by\u2011County - Marching Bands Ireland\",\"isPartOf\":{\"@id\":\"https:\/\/marchingbandsireland.com\/#website\"},\"primaryImageOfPage\":{\"@id\":\"https:\/\/marchingbandsireland.com\/index.php\/2026\/03\/15\/st-patricks-day-parades-2026-county-by-county\/#primaryimage\"},\"image\":{\"@id\":\"https:\/\/marchingbandsireland.com\/index.php\/2026\/03\/15\/st-patricks-day-parades-2026-county-by-county\/#primaryimage\"},\"thumbnailUrl\":\"https:\/\/marchingbandsireland.com\/wp-content\/uploads\/2025\/08\/img_3778-2.jpg\",\"datePublished\":\"2026-03-15T23:25:15+00:00\",\"dateModified\":\"2026-03-17T15:07:16+00:00\",\"breadcrumb\":{\"@id\":\"https:\/\/marchingbandsireland.com\/index.php\/2026\/03\/15\/st-patricks-day-parades-2026-county-by-county\/#breadcrumb\"},\"inLanguage\":\"en-US\",\"potentialAction\":[{\"@type\":\"ReadAction\",\"target\":[\"https:\/\/marchingbandsireland.com\/index.php\/2026\/03\/15\/st-patricks-day-parades-2026-county-by-county\/\"]}]},{\"@type\":\"ImageObject\",\"inLanguage\":\"en-US\",\"@id\":\"https:\/\/marchingbandsireland.com\/index.php\/2026\/03\/15\/st-patricks-day-parades-2026-county-by-county\/#primaryimage\",\"url\":\"https:\/\/marchingbandsireland.com\/wp-content\/uploads\/2025\/08\/img_3778-2.jpg\",\"contentUrl\":\"https:\/\/marchingbandsireland.com\/wp-content\/uploads\/2025\/08\/img_3778-2.jpg\",\"width\":1500,\"height\":1000},{\"@type\":\"BreadcrumbList\",\"@id\":\"https:\/\/marchingbandsireland.com\/index.php\/2026\/03\/15\/st-patricks-day-parades-2026-county-by-county\/#breadcrumb\",\"itemListElement\":[{\"@type\":\"ListItem\",\"position\":1,\"name\":\"Home\",\"item\":\"https:\/\/marchingbandsireland.com\/\"},{\"@type\":\"ListItem\",\"position\":2,\"name\":\"St&nbsp;Patrick\u2019s Day Parades&nbsp;2026&nbsp;\u2013&nbsp;County\u2011by\u2011County\"}]},{\"@type\":\"WebSite\",\"@id\":\"https:\/\/marchingbandsireland.com\/#website\",\"url\":\"https:\/\/marchingbandsireland.com\/\",\"name\":\"Marching Bands Ireland\",\"description\":\"\",\"publisher\":{\"@id\":\"https:\/\/marchingbandsireland.com\/#organization\"},\"potentialAction\":[{\"@type\":\"SearchAction\",\"target\":{\"@type\":\"EntryPoint\",\"urlTemplate\":\"https:\/\/marchingbandsireland.com\/?s={search_term_string}\"},\"query-input\":{\"@type\":\"PropertyValueSpecification\",\"valueRequired\":true,\"valueName\":\"search_term_string\"}}],\"inLanguage\":\"en-US\"},{\"@type\":\"Organization\",\"@id\":\"https:\/\/marchingbandsireland.com\/#organization\",\"name\":\"Marching Bands Ireland\",\"url\":\"https:\/\/marchingbandsireland.com\/\",\"logo\":{\"@type\":\"ImageObject\",\"inLanguage\":\"en-US\",\"@id\":\"https:\/\/marchingbandsireland.com\/#\/schema\/logo\/image\/\",\"url\":\"https:\/\/marchingbandsireland.com\/wp-content\/uploads\/2019\/05\/cropped-cropped-cropped-cropped-screenshot-2019-05-15-at-18.28.12-1.png\",\"contentUrl\":\"https:\/\/marchingbandsireland.com\/wp-content\/uploads\/2019\/05\/cropped-cropped-cropped-cropped-screenshot-2019-05-15-at-18.28.12-1.png\",\"width\":163,\"height\":90,\"caption\":\"Marching Bands Ireland\"},\"image\":{\"@id\":\"https:\/\/marchingbandsireland.com\/#\/schema\/logo\/image\/\"}},{\"@type\":\"Person\",\"@id\":\"https:\/\/marchingbandsireland.com\/#\/schema\/person\/26a2622a4210130c7c9d4bd3d00f617d\",\"name\":\"johnmcglade150\",\"image\":{\"@type\":\"ImageObject\",\"inLanguage\":\"en-US\",\"@id\":\"https:\/\/marchingbandsireland.com\/#\/schema\/person\/image\/\",\"url\":\"https:\/\/secure.gravatar.com\/avatar\/979e9af104a71021e505c9a012ff3b37ecb062273885cec6058e097e00f35dc6?s=96&d=mm&r=g\",\"contentUrl\":\"https:\/\/secure.gravatar.com\/avatar\/979e9af104a71021e505c9a012ff3b37ecb062273885cec6058e097e00f35dc6?s=96&d=mm&r=g\",\"caption\":\"johnmcglade150\"},\"sameAs\":[\"https:\/\/marchingbandsireland.com\"],\"url\":\"https:\/\/marchingbandsireland.com\/index.php\/author\/johnmcglade150\/\"}]}<\/script>\n<!-- \/ Yoast SEO plugin. -->","yoast_head_json":{"title":"St&nbsp;Patrick\u2019s Day Parades&nbsp;2026&nbsp;\u2013&nbsp;County\u2011by\u2011County - Marching Bands Ireland","robots":{"index":"index","follow":"follow","max-snippet":"max-snippet:-1","max-image-preview":"max-image-preview:large","max-video-preview":"max-video-preview:-1"},"canonical":"https:\/\/marchingbandsireland.com\/index.php\/2026\/03\/15\/st-patricks-day-parades-2026-county-by-county\/","og_locale":"en_US","og_type":"article","og_title":"St&nbsp;Patrick\u2019s Day Parades&nbsp;2026&nbsp;\u2013&nbsp;County\u2011by\u2011County - Marching Bands Ireland","og_description":"Welcome to our quick\u2011reference guide for Marching Bands&nbsp;Ireland. This list covers parades taking place on 17&nbsp;March&nbsp;2026 across the island of","og_url":"https:\/\/marchingbandsireland.com\/index.php\/2026\/03\/15\/st-patricks-day-parades-2026-county-by-county\/","og_site_name":"Marching Bands Ireland","article_published_time":"2026-03-15T23:25:15+00:00","article_modified_time":"2026-03-17T15:07:16+00:00","og_image":[{"width":1500,"height":1000,"url":"https:\/\/marchingbandsireland.com\/wp-content\/uploads\/2025\/08\/img_3778-2.jpg","type":"image\/jpeg"}],"author":"johnmcglade150","twitter_card":"summary_large_image","twitter_misc":{"Written by":"johnmcglade150","Est. reading time":"6 minutes"},"schema":{"@context":"https:\/\/schema.org","@graph":[{"@type":"Article","@id":"https:\/\/marchingbandsireland.com\/index.php\/2026\/03\/15\/st-patricks-day-parades-2026-county-by-county\/#article","isPartOf":{"@id":"https:\/\/marchingbandsireland.com\/index.php\/2026\/03\/15\/st-patricks-day-parades-2026-county-by-county\/"},"author":{"name":"johnmcglade150","@id":"https:\/\/marchingbandsireland.com\/#\/schema\/person\/26a2622a4210130c7c9d4bd3d00f617d"},"headline":"St&nbsp;Patrick\u2019s Day Parades&nbsp;2026&nbsp;\u2013&nbsp;County\u2011by\u2011County","datePublished":"2026-03-15T23:25:15+00:00","dateModified":"2026-03-17T15:07:16+00:00","mainEntityOfPage":{"@id":"https:\/\/marchingbandsireland.com\/index.php\/2026\/03\/15\/st-patricks-day-parades-2026-county-by-county\/"},"wordCount":1274,"commentCount":0,"publisher":{"@id":"https:\/\/marchingbandsireland.com\/#organization"},"image":{"@id":"https:\/\/marchingbandsireland.com\/index.php\/2026\/03\/15\/st-patricks-day-parades-2026-county-by-county\/#primaryimage"},"thumbnailUrl":"https:\/\/marchingbandsireland.com\/wp-content\/uploads\/2025\/08\/img_3778-2.jpg","articleSection":["St Patricks Day"],"inLanguage":"en-US","potentialAction":[{"@type":"CommentAction","name":"Comment","target":["https:\/\/marchingbandsireland.com\/index.php\/2026\/03\/15\/st-patricks-day-parades-2026-county-by-county\/#respond"]}]},{"@type":"WebPage","@id":"https:\/\/marchingbandsireland.com\/index.php\/2026\/03\/15\/st-patricks-day-parades-2026-county-by-county\/","url":"https:\/\/marchingbandsireland.com\/index.php\/2026\/03\/15\/st-patricks-day-parades-2026-county-by-county\/","name":"St&nbsp;Patrick\u2019s Day Parades&nbsp;2026&nbsp;\u2013&nbsp;County\u2011by\u2011County - Marching Bands Ireland","isPartOf":{"@id":"https:\/\/marchingbandsireland.com\/#website"},"primaryImageOfPage":{"@id":"https:\/\/marchingbandsireland.com\/index.php\/2026\/03\/15\/st-patricks-day-parades-2026-county-by-county\/#primaryimage"},"image":{"@id":"https:\/\/marchingbandsireland.com\/index.php\/2026\/03\/15\/st-patricks-day-parades-2026-county-by-county\/#primaryimage"},"thumbnailUrl":"https:\/\/marchingbandsireland.com\/wp-content\/uploads\/2025\/08\/img_3778-2.jpg","datePublished":"2026-03-15T23:25:15+00:00","dateModified":"2026-03-17T15:07:16+00:00","breadcrumb":{"@id":"https:\/\/marchingbandsireland.com\/index.php\/2026\/03\/15\/st-patricks-day-parades-2026-county-by-county\/#breadcrumb"},"inLanguage":"en-US","potentialAction":[{"@type":"ReadAction","target":["https:\/\/marchingbandsireland.com\/index.php\/2026\/03\/15\/st-patricks-day-parades-2026-county-by-county\/"]}]},{"@type":"ImageObject","inLanguage":"en-US","@id":"https:\/\/marchingbandsireland.com\/index.php\/2026\/03\/15\/st-patricks-day-parades-2026-county-by-county\/#primaryimage","url":"https:\/\/marchingbandsireland.com\/wp-content\/uploads\/2025\/08\/img_3778-2.jpg","contentUrl":"https:\/\/marchingbandsireland.com\/wp-content\/uploads\/2025\/08\/img_3778-2.jpg","width":1500,"height":1000},{"@type":"BreadcrumbList","@id":"https:\/\/marchingbandsireland.com\/index.php\/2026\/03\/15\/st-patricks-day-parades-2026-county-by-county\/#breadcrumb","itemListElement":[{"@type":"ListItem","position":1,"name":"Home","item":"https:\/\/marchingbandsireland.com\/"},{"@type":"ListItem","position":2,"name":"St&nbsp;Patrick\u2019s Day Parades&nbsp;2026&nbsp;\u2013&nbsp;County\u2011by\u2011County"}]},{"@type":"WebSite","@id":"https:\/\/marchingbandsireland.com\/#website","url":"https:\/\/marchingbandsireland.com\/","name":"Marching Bands Ireland","description":"","publisher":{"@id":"https:\/\/marchingbandsireland.com\/#organization"},"potentialAction":[{"@type":"SearchAction","target":{"@type":"EntryPoint","urlTemplate":"https:\/\/marchingbandsireland.com\/?s={search_term_string}"},"query-input":{"@type":"PropertyValueSpecification","valueRequired":true,"valueName":"search_term_string"}}],"inLanguage":"en-US"},{"@type":"Organization","@id":"https:\/\/marchingbandsireland.com\/#organization","name":"Marching Bands Ireland","url":"https:\/\/marchingbandsireland.com\/","logo":{"@type":"ImageObject","inLanguage":"en-US","@id":"https:\/\/marchingbandsireland.com\/#\/schema\/logo\/image\/","url":"https:\/\/marchingbandsireland.com\/wp-content\/uploads\/2019\/05\/cropped-cropped-cropped-cropped-screenshot-2019-05-15-at-18.28.12-1.png","contentUrl":"https:\/\/marchingbandsireland.com\/wp-content\/uploads\/2019\/05\/cropped-cropped-cropped-cropped-screenshot-2019-05-15-at-18.28.12-1.png","width":163,"height":90,"caption":"Marching Bands Ireland"},"image":{"@id":"https:\/\/marchingbandsireland.com\/#\/schema\/logo\/image\/"}},{"@type":"Person","@id":"https:\/\/marchingbandsireland.com\/#\/schema\/person\/26a2622a4210130c7c9d4bd3d00f617d","name":"johnmcglade150","image":{"@type":"ImageObject","inLanguage":"en-US","@id":"https:\/\/marchingbandsireland.com\/#\/schema\/person\/image\/","url":"https:\/\/secure.gravatar.com\/avatar\/979e9af104a71021e505c9a012ff3b37ecb062273885cec6058e097e00f35dc6?s=96&d=mm&r=g","contentUrl":"https:\/\/secure.gravatar.com\/avatar\/979e9af104a71021e505c9a012ff3b37ecb062273885cec6058e097e00f35dc6?s=96&d=mm&r=g","caption":"johnmcglade150"},"sameAs":["https:\/\/marchingbandsireland.com"],"url":"https:\/\/marchingbandsireland.com\/index.php\/author\/johnmcglade150\/"}]}},"jetpack_publicize_connections":[],"jetpack_featured_media_url":"https:\/\/marchingbandsireland.com\/wp-content\/uploads\/2025\/08\/img_3778-2.jpg","jetpack_sharing_enabled":true,"_links":{"self":[{"href":"https:\/\/marchingbandsireland.com\/index.php\/wp-json\/wp\/v2\/posts\/3124","targetHints":{"allow":["GET"]}}],"collection":[{"href":"https:\/\/marchingbandsireland.com\/index.php\/wp-json\/wp\/v2\/posts"}],"about":[{"href":"https:\/\/marchingbandsireland.com\/index.php\/wp-json\/wp\/v2\/types\/post"}],"author":[{"embeddable":true,"href":"https:\/\/marchingbandsireland.com\/index.php\/wp-json\/wp\/v2\/users\/1"}],"replies":[{"embeddable":true,"href":"https:\/\/marchingbandsireland.com\/index.php\/wp-json\/wp\/v2\/comments?post=3124"}],"version-history":[{"count":2,"href":"https:\/\/marchingbandsireland.com\/index.php\/wp-json\/wp\/v2\/posts\/3124\/revisions"}],"predecessor-version":[{"id":3236,"href":"https:\/\/marchingbandsireland.com\/index.php\/wp-json\/wp\/v2\/posts\/3124\/revisions\/3236"}],"wp:featuredmedia":[{"embeddable":true,"href":"https:\/\/marchingbandsireland.com\/index.php\/wp-json\/wp\/v2\/media\/2983"}],"wp:attachment":[{"href":"https:\/\/marchingbandsireland.com\/index.php\/wp-json\/wp\/v2\/media?parent=3124"}],"wp:term":[{"taxonomy":"category","embeddable":true,"href":"https:\/\/marchingbandsireland.com\/index.php\/wp-json\/wp\/v2\/categories?post=3124"},{"taxonomy":"post_tag","embeddable":true,"href":"https:\/\/marchingbandsireland.com\/index.php\/wp-json\/wp\/v2\/tags?post=3124"}],"curies":[{"name":"wp","href":"https:\/\/api.w.org\/{rel}","templated":true}]}}