{"id":2585,"date":"2025-02-19T08:04:02","date_gmt":"2025-02-19T08:04:02","guid":{"rendered":"https:\/\/marchingbandsireland.com\/index.php\/2025\/02\/19\/fleadh-cheoil-set-for-historic-belfast-debut-in-2026\/"},"modified":"2026-03-16T18:02:19","modified_gmt":"2026-03-16T18:02:19","slug":"fleadh-cheoil-set-for-historic-belfast-debut-in-2026","status":"publish","type":"post","link":"https:\/\/marchingbandsireland.com\/index.php\/2025\/02\/19\/fleadh-cheoil-set-for-historic-belfast-debut-in-2026\/","title":{"rendered":"Fleadh Cheoil Set for Historic Belfast Debut in 2026"},"content":{"rendered":"\n<p class=\"p3\">Belfast is poised to make history as it prepares to host the world\u2019s largest traditional Irish music festival, the Fleadh Cheoil na h\u00c9ireann, for the first time\u2014though no official announcement has yet been made.<\/p>\n\n\n\n<p class=\"p3\">According to <a href=\"https:\/\/www.irishnews.com\/news\/northern-ireland\/history-to-be-made-as-fleadh-cheoil-2026-to-be-held-in-belfast-for-first-time-L7ZSDJEKHBDW7PNILUPIDYXMOM\/\">The Irish News<\/a>, Belfast has been selected as the host city for the 2026 Fleadh, marking only the second time in the festival\u2019s 73-year history that it will take place in the north. The confirmation is expected to come next month at an event in Belfast City Hall.<\/p>\n\n\n\n<p class=\"p3\">The Fleadh, organized by Comhaltas Ceolt\u00f3ir\u00ed \u00c9ireann, attracts hundreds of thousands of visitors each year, with last year\u2019s event in Wexford drawing over half a million people and generating an estimated \u20ac60 million for the local economy. With Belfast\u2019s strong tourism sector and increasing investment in hospitality, the city could see a similar financial boost. The influx of visitors will provide a major economic uplift for hotels, restaurants, pubs, and local businesses, with additional job opportunities expected in the lead-up to and during the festival.<\/p>\n\n\n\n<p class=\"p3\">Belfast\u2019s bid, put forward by Belfast City Council in partnership with Ards Comhaltas Ceolt\u00f3ir\u00ed \u00c9ireann, follows previous unsuccessful attempts to secure the event. The city had hoped to host the festival in both 2023 and 2024 but lost out to Mullingar, Co. Westmeath. A Belfast City Council report on the failed 2024 bid highlighted shortcomings, including a lack of Irish language inclusion and insufficient disabled access. However, it appears these concerns have now been addressed, leading to a successful bid for 2026.<\/p>\n\n\n\n<p class=\"p3\">The last time the Fleadh was held in the north was in 2013, when Derry played host, drawing an estimated 430,000 attendees. The event was widely praised for its positive economic and cultural impact, and Belfast will now hope to replicate that success on an even larger scale.<\/p>\n\n\n\n<p class=\"p3\">When the festival arrives in Belfast, it will feature over 180 competitions in music, singing, dancing, and storytelling, making it one of the biggest arts festivals the city has ever hosted. As well as formal competitions, Belfast\u2019s streets and pubs will come alive with traditional music sessions, and a dedicated programme will highlight the Irish language.<\/p>\n\n\n\n<p class=\"p3\">Comhaltas Ceolt\u00f3ir\u00ed \u00c9ireann has yet to comment on The Irish News report, while Belfast City Council has confirmed only that an announcement is expected in March. If confirmed, the Fleadh Cheoil could bring<\/p>\n\n\n\n<figure class=\"wp-block-gallery has-nested-images columns-default is-cropped wp-block-gallery-1 is-layout-flex wp-block-gallery-is-layout-flex\">\n<figure class=\"wp-block-image size-large\"><img loading=\"lazy\" decoding=\"async\" width=\"660\" height=\"430\" data-id=\"2584\" src=\"https:\/\/marchingbandsireland.com\/wp-content\/uploads\/2025\/02\/img_0377-1.jpg\" alt=\"\" class=\"wp-image-2584\" srcset=\"https:\/\/marchingbandsireland.com\/wp-content\/uploads\/2025\/02\/img_0377-1.jpg 660w, https:\/\/marchingbandsireland.com\/wp-content\/uploads\/2025\/02\/img_0377-1-300x195.jpg 300w\" sizes=\"auto, (max-width: 660px) 100vw, 660px\" \/><\/figure>\n<\/figure>\n","protected":false},"excerpt":{"rendered":"<p>Belfast is poised to make history as it prepares to host the world\u2019s largest traditional Irish music festival, the Fleadh<\/p>\n","protected":false},"author":1,"featured_media":2377,"comment_status":"open","ping_status":"closed","sticky":false,"template":"","format":"standard","meta":{"colormag_page_container_layout":"default_layout","colormag_page_sidebar_layout":"default_layout","jetpack_post_was_ever_published":false,"_jetpack_newsletter_access":"","_jetpack_dont_email_post_to_subs":false,"_jetpack_newsletter_tier_id":0,"_jetpack_memberships_contains_paywalled_content":false,"_jetpack_memberships_contains_paid_content":false,"footnotes":"","jetpack_publicize_message":"Fleadh Cheoil Set for Historic Belfast Debut in 2026","jetpack_publicize_feature_enabled":true,"jetpack_social_post_already_shared":true,"jetpack_social_options":{"image_generator_settings":{"template":"highway","default_image_id":0,"font":"","enabled":false},"version":2}},"categories":[31],"tags":[],"class_list":["post-2585","post","type-post","status-publish","format-standard","has-post-thumbnail","hentry","category-all-ireland-fleadh"],"yoast_head":"<!-- This site is optimized with the Yoast SEO plugin v27.1.1 - https:\/\/yoast.com\/product\/yoast-seo-wordpress\/ -->\n<title>Fleadh Cheoil Set for Historic Belfast Debut in 2026 - Marching Bands Ireland<\/title>\n<meta name=\"robots\" content=\"index, follow, max-snippet:-1, max-image-preview:large, max-video-preview:-1\" \/>\n<link rel=\"canonical\" href=\"https:\/\/marchingbandsireland.com\/index.php\/2025\/02\/19\/fleadh-cheoil-set-for-historic-belfast-debut-in-2026\/\" \/>\n<meta property=\"og:locale\" content=\"en_US\" \/>\n<meta property=\"og:type\" content=\"article\" \/>\n<meta property=\"og:title\" content=\"Fleadh Cheoil Set for Historic Belfast Debut in 2026 - Marching Bands Ireland\" \/>\n<meta property=\"og:description\" content=\"Belfast is poised to make history as it prepares to host the world\u2019s largest traditional Irish music festival, the Fleadh\" \/>\n<meta property=\"og:url\" content=\"https:\/\/marchingbandsireland.com\/index.php\/2025\/02\/19\/fleadh-cheoil-set-for-historic-belfast-debut-in-2026\/\" \/>\n<meta property=\"og:site_name\" content=\"Marching Bands Ireland\" \/>\n<meta property=\"article:published_time\" content=\"2025-02-19T08:04:02+00:00\" \/>\n<meta property=\"article:modified_time\" content=\"2026-03-16T18:02:19+00:00\" \/>\n<meta property=\"og:image\" content=\"https:\/\/marchingbandsireland.com\/wp-content\/uploads\/2023\/09\/img_7567-2.jpg\" \/>\n\t<meta property=\"og:image:width\" content=\"1366\" \/>\n\t<meta property=\"og:image:height\" content=\"2048\" \/>\n\t<meta property=\"og:image:type\" content=\"image\/jpeg\" \/>\n<meta name=\"author\" content=\"johnmcglade150\" \/>\n<meta name=\"twitter:card\" content=\"summary_large_image\" \/>\n<meta name=\"twitter:label1\" content=\"Written by\" \/>\n\t<meta name=\"twitter:data1\" content=\"johnmcglade150\" \/>\n\t<meta name=\"twitter:label2\" content=\"Est. reading time\" \/>\n\t<meta name=\"twitter:data2\" content=\"2 minutes\" \/>\n<script type=\"application\/ld+json\" class=\"yoast-schema-graph\">{\"@context\":\"https:\/\/schema.org\",\"@graph\":[{\"@type\":\"Article\",\"@id\":\"https:\/\/marchingbandsireland.com\/index.php\/2025\/02\/19\/fleadh-cheoil-set-for-historic-belfast-debut-in-2026\/#article\",\"isPartOf\":{\"@id\":\"https:\/\/marchingbandsireland.com\/index.php\/2025\/02\/19\/fleadh-cheoil-set-for-historic-belfast-debut-in-2026\/\"},\"author\":{\"name\":\"johnmcglade150\",\"@id\":\"https:\/\/marchingbandsireland.com\/#\/schema\/person\/26a2622a4210130c7c9d4bd3d00f617d\"},\"headline\":\"Fleadh Cheoil Set for Historic Belfast Debut in 2026\",\"datePublished\":\"2025-02-19T08:04:02+00:00\",\"dateModified\":\"2026-03-16T18:02:19+00:00\",\"mainEntityOfPage\":{\"@id\":\"https:\/\/marchingbandsireland.com\/index.php\/2025\/02\/19\/fleadh-cheoil-set-for-historic-belfast-debut-in-2026\/\"},\"wordCount\":398,\"commentCount\":0,\"publisher\":{\"@id\":\"https:\/\/marchingbandsireland.com\/#organization\"},\"image\":{\"@id\":\"https:\/\/marchingbandsireland.com\/index.php\/2025\/02\/19\/fleadh-cheoil-set-for-historic-belfast-debut-in-2026\/#primaryimage\"},\"thumbnailUrl\":\"https:\/\/marchingbandsireland.com\/wp-content\/uploads\/2023\/09\/img_7567-2.jpg\",\"articleSection\":[\"All Ireland Fleadh\"],\"inLanguage\":\"en-US\",\"potentialAction\":[{\"@type\":\"CommentAction\",\"name\":\"Comment\",\"target\":[\"https:\/\/marchingbandsireland.com\/index.php\/2025\/02\/19\/fleadh-cheoil-set-for-historic-belfast-debut-in-2026\/#respond\"]}]},{\"@type\":\"WebPage\",\"@id\":\"https:\/\/marchingbandsireland.com\/index.php\/2025\/02\/19\/fleadh-cheoil-set-for-historic-belfast-debut-in-2026\/\",\"url\":\"https:\/\/marchingbandsireland.com\/index.php\/2025\/02\/19\/fleadh-cheoil-set-for-historic-belfast-debut-in-2026\/\",\"name\":\"Fleadh Cheoil Set for Historic Belfast Debut in 2026 - Marching Bands Ireland\",\"isPartOf\":{\"@id\":\"https:\/\/marchingbandsireland.com\/#website\"},\"primaryImageOfPage\":{\"@id\":\"https:\/\/marchingbandsireland.com\/index.php\/2025\/02\/19\/fleadh-cheoil-set-for-historic-belfast-debut-in-2026\/#primaryimage\"},\"image\":{\"@id\":\"https:\/\/marchingbandsireland.com\/index.php\/2025\/02\/19\/fleadh-cheoil-set-for-historic-belfast-debut-in-2026\/#primaryimage\"},\"thumbnailUrl\":\"https:\/\/marchingbandsireland.com\/wp-content\/uploads\/2023\/09\/img_7567-2.jpg\",\"datePublished\":\"2025-02-19T08:04:02+00:00\",\"dateModified\":\"2026-03-16T18:02:19+00:00\",\"breadcrumb\":{\"@id\":\"https:\/\/marchingbandsireland.com\/index.php\/2025\/02\/19\/fleadh-cheoil-set-for-historic-belfast-debut-in-2026\/#breadcrumb\"},\"inLanguage\":\"en-US\",\"potentialAction\":[{\"@type\":\"ReadAction\",\"target\":[\"https:\/\/marchingbandsireland.com\/index.php\/2025\/02\/19\/fleadh-cheoil-set-for-historic-belfast-debut-in-2026\/\"]}]},{\"@type\":\"ImageObject\",\"inLanguage\":\"en-US\",\"@id\":\"https:\/\/marchingbandsireland.com\/index.php\/2025\/02\/19\/fleadh-cheoil-set-for-historic-belfast-debut-in-2026\/#primaryimage\",\"url\":\"https:\/\/marchingbandsireland.com\/wp-content\/uploads\/2023\/09\/img_7567-2.jpg\",\"contentUrl\":\"https:\/\/marchingbandsireland.com\/wp-content\/uploads\/2023\/09\/img_7567-2.jpg\",\"width\":1366,\"height\":2048},{\"@type\":\"BreadcrumbList\",\"@id\":\"https:\/\/marchingbandsireland.com\/index.php\/2025\/02\/19\/fleadh-cheoil-set-for-historic-belfast-debut-in-2026\/#breadcrumb\",\"itemListElement\":[{\"@type\":\"ListItem\",\"position\":1,\"name\":\"Home\",\"item\":\"https:\/\/marchingbandsireland.com\/\"},{\"@type\":\"ListItem\",\"position\":2,\"name\":\"Fleadh Cheoil Set for Historic Belfast Debut in 2026\"}]},{\"@type\":\"WebSite\",\"@id\":\"https:\/\/marchingbandsireland.com\/#website\",\"url\":\"https:\/\/marchingbandsireland.com\/\",\"name\":\"Marching Bands Ireland\",\"description\":\"\",\"publisher\":{\"@id\":\"https:\/\/marchingbandsireland.com\/#organization\"},\"potentialAction\":[{\"@type\":\"SearchAction\",\"target\":{\"@type\":\"EntryPoint\",\"urlTemplate\":\"https:\/\/marchingbandsireland.com\/?s={search_term_string}\"},\"query-input\":{\"@type\":\"PropertyValueSpecification\",\"valueRequired\":true,\"valueName\":\"search_term_string\"}}],\"inLanguage\":\"en-US\"},{\"@type\":\"Organization\",\"@id\":\"https:\/\/marchingbandsireland.com\/#organization\",\"name\":\"Marching Bands Ireland\",\"url\":\"https:\/\/marchingbandsireland.com\/\",\"logo\":{\"@type\":\"ImageObject\",\"inLanguage\":\"en-US\",\"@id\":\"https:\/\/marchingbandsireland.com\/#\/schema\/logo\/image\/\",\"url\":\"https:\/\/marchingbandsireland.com\/wp-content\/uploads\/2019\/05\/cropped-cropped-cropped-cropped-screenshot-2019-05-15-at-18.28.12-1.png\",\"contentUrl\":\"https:\/\/marchingbandsireland.com\/wp-content\/uploads\/2019\/05\/cropped-cropped-cropped-cropped-screenshot-2019-05-15-at-18.28.12-1.png\",\"width\":163,\"height\":90,\"caption\":\"Marching Bands Ireland\"},\"image\":{\"@id\":\"https:\/\/marchingbandsireland.com\/#\/schema\/logo\/image\/\"}},{\"@type\":\"Person\",\"@id\":\"https:\/\/marchingbandsireland.com\/#\/schema\/person\/26a2622a4210130c7c9d4bd3d00f617d\",\"name\":\"johnmcglade150\",\"image\":{\"@type\":\"ImageObject\",\"inLanguage\":\"en-US\",\"@id\":\"https:\/\/marchingbandsireland.com\/#\/schema\/person\/image\/\",\"url\":\"https:\/\/secure.gravatar.com\/avatar\/979e9af104a71021e505c9a012ff3b37ecb062273885cec6058e097e00f35dc6?s=96&d=mm&r=g\",\"contentUrl\":\"https:\/\/secure.gravatar.com\/avatar\/979e9af104a71021e505c9a012ff3b37ecb062273885cec6058e097e00f35dc6?s=96&d=mm&r=g\",\"caption\":\"johnmcglade150\"},\"sameAs\":[\"https:\/\/marchingbandsireland.com\"],\"url\":\"https:\/\/marchingbandsireland.com\/index.php\/author\/johnmcglade150\/\"}]}<\/script>\n<!-- \/ Yoast SEO plugin. -->","yoast_head_json":{"title":"Fleadh Cheoil Set for Historic Belfast Debut in 2026 - Marching Bands Ireland","robots":{"index":"index","follow":"follow","max-snippet":"max-snippet:-1","max-image-preview":"max-image-preview:large","max-video-preview":"max-video-preview:-1"},"canonical":"https:\/\/marchingbandsireland.com\/index.php\/2025\/02\/19\/fleadh-cheoil-set-for-historic-belfast-debut-in-2026\/","og_locale":"en_US","og_type":"article","og_title":"Fleadh Cheoil Set for Historic Belfast Debut in 2026 - Marching Bands Ireland","og_description":"Belfast is poised to make history as it prepares to host the world\u2019s largest traditional Irish music festival, the Fleadh","og_url":"https:\/\/marchingbandsireland.com\/index.php\/2025\/02\/19\/fleadh-cheoil-set-for-historic-belfast-debut-in-2026\/","og_site_name":"Marching Bands Ireland","article_published_time":"2025-02-19T08:04:02+00:00","article_modified_time":"2026-03-16T18:02:19+00:00","og_image":[{"width":1366,"height":2048,"url":"https:\/\/marchingbandsireland.com\/wp-content\/uploads\/2023\/09\/img_7567-2.jpg","type":"image\/jpeg"}],"author":"johnmcglade150","twitter_card":"summary_large_image","twitter_misc":{"Written by":"johnmcglade150","Est. reading time":"2 minutes"},"schema":{"@context":"https:\/\/schema.org","@graph":[{"@type":"Article","@id":"https:\/\/marchingbandsireland.com\/index.php\/2025\/02\/19\/fleadh-cheoil-set-for-historic-belfast-debut-in-2026\/#article","isPartOf":{"@id":"https:\/\/marchingbandsireland.com\/index.php\/2025\/02\/19\/fleadh-cheoil-set-for-historic-belfast-debut-in-2026\/"},"author":{"name":"johnmcglade150","@id":"https:\/\/marchingbandsireland.com\/#\/schema\/person\/26a2622a4210130c7c9d4bd3d00f617d"},"headline":"Fleadh Cheoil Set for Historic Belfast Debut in 2026","datePublished":"2025-02-19T08:04:02+00:00","dateModified":"2026-03-16T18:02:19+00:00","mainEntityOfPage":{"@id":"https:\/\/marchingbandsireland.com\/index.php\/2025\/02\/19\/fleadh-cheoil-set-for-historic-belfast-debut-in-2026\/"},"wordCount":398,"commentCount":0,"publisher":{"@id":"https:\/\/marchingbandsireland.com\/#organization"},"image":{"@id":"https:\/\/marchingbandsireland.com\/index.php\/2025\/02\/19\/fleadh-cheoil-set-for-historic-belfast-debut-in-2026\/#primaryimage"},"thumbnailUrl":"https:\/\/marchingbandsireland.com\/wp-content\/uploads\/2023\/09\/img_7567-2.jpg","articleSection":["All Ireland Fleadh"],"inLanguage":"en-US","potentialAction":[{"@type":"CommentAction","name":"Comment","target":["https:\/\/marchingbandsireland.com\/index.php\/2025\/02\/19\/fleadh-cheoil-set-for-historic-belfast-debut-in-2026\/#respond"]}]},{"@type":"WebPage","@id":"https:\/\/marchingbandsireland.com\/index.php\/2025\/02\/19\/fleadh-cheoil-set-for-historic-belfast-debut-in-2026\/","url":"https:\/\/marchingbandsireland.com\/index.php\/2025\/02\/19\/fleadh-cheoil-set-for-historic-belfast-debut-in-2026\/","name":"Fleadh Cheoil Set for Historic Belfast Debut in 2026 - Marching Bands Ireland","isPartOf":{"@id":"https:\/\/marchingbandsireland.com\/#website"},"primaryImageOfPage":{"@id":"https:\/\/marchingbandsireland.com\/index.php\/2025\/02\/19\/fleadh-cheoil-set-for-historic-belfast-debut-in-2026\/#primaryimage"},"image":{"@id":"https:\/\/marchingbandsireland.com\/index.php\/2025\/02\/19\/fleadh-cheoil-set-for-historic-belfast-debut-in-2026\/#primaryimage"},"thumbnailUrl":"https:\/\/marchingbandsireland.com\/wp-content\/uploads\/2023\/09\/img_7567-2.jpg","datePublished":"2025-02-19T08:04:02+00:00","dateModified":"2026-03-16T18:02:19+00:00","breadcrumb":{"@id":"https:\/\/marchingbandsireland.com\/index.php\/2025\/02\/19\/fleadh-cheoil-set-for-historic-belfast-debut-in-2026\/#breadcrumb"},"inLanguage":"en-US","potentialAction":[{"@type":"ReadAction","target":["https:\/\/marchingbandsireland.com\/index.php\/2025\/02\/19\/fleadh-cheoil-set-for-historic-belfast-debut-in-2026\/"]}]},{"@type":"ImageObject","inLanguage":"en-US","@id":"https:\/\/marchingbandsireland.com\/index.php\/2025\/02\/19\/fleadh-cheoil-set-for-historic-belfast-debut-in-2026\/#primaryimage","url":"https:\/\/marchingbandsireland.com\/wp-content\/uploads\/2023\/09\/img_7567-2.jpg","contentUrl":"https:\/\/marchingbandsireland.com\/wp-content\/uploads\/2023\/09\/img_7567-2.jpg","width":1366,"height":2048},{"@type":"BreadcrumbList","@id":"https:\/\/marchingbandsireland.com\/index.php\/2025\/02\/19\/fleadh-cheoil-set-for-historic-belfast-debut-in-2026\/#breadcrumb","itemListElement":[{"@type":"ListItem","position":1,"name":"Home","item":"https:\/\/marchingbandsireland.com\/"},{"@type":"ListItem","position":2,"name":"Fleadh Cheoil Set for Historic Belfast Debut in 2026"}]},{"@type":"WebSite","@id":"https:\/\/marchingbandsireland.com\/#website","url":"https:\/\/marchingbandsireland.com\/","name":"Marching Bands Ireland","description":"","publisher":{"@id":"https:\/\/marchingbandsireland.com\/#organization"},"potentialAction":[{"@type":"SearchAction","target":{"@type":"EntryPoint","urlTemplate":"https:\/\/marchingbandsireland.com\/?s={search_term_string}"},"query-input":{"@type":"PropertyValueSpecification","valueRequired":true,"valueName":"search_term_string"}}],"inLanguage":"en-US"},{"@type":"Organization","@id":"https:\/\/marchingbandsireland.com\/#organization","name":"Marching Bands Ireland","url":"https:\/\/marchingbandsireland.com\/","logo":{"@type":"ImageObject","inLanguage":"en-US","@id":"https:\/\/marchingbandsireland.com\/#\/schema\/logo\/image\/","url":"https:\/\/marchingbandsireland.com\/wp-content\/uploads\/2019\/05\/cropped-cropped-cropped-cropped-screenshot-2019-05-15-at-18.28.12-1.png","contentUrl":"https:\/\/marchingbandsireland.com\/wp-content\/uploads\/2019\/05\/cropped-cropped-cropped-cropped-screenshot-2019-05-15-at-18.28.12-1.png","width":163,"height":90,"caption":"Marching Bands Ireland"},"image":{"@id":"https:\/\/marchingbandsireland.com\/#\/schema\/logo\/image\/"}},{"@type":"Person","@id":"https:\/\/marchingbandsireland.com\/#\/schema\/person\/26a2622a4210130c7c9d4bd3d00f617d","name":"johnmcglade150","image":{"@type":"ImageObject","inLanguage":"en-US","@id":"https:\/\/marchingbandsireland.com\/#\/schema\/person\/image\/","url":"https:\/\/secure.gravatar.com\/avatar\/979e9af104a71021e505c9a012ff3b37ecb062273885cec6058e097e00f35dc6?s=96&d=mm&r=g","contentUrl":"https:\/\/secure.gravatar.com\/avatar\/979e9af104a71021e505c9a012ff3b37ecb062273885cec6058e097e00f35dc6?s=96&d=mm&r=g","caption":"johnmcglade150"},"sameAs":["https:\/\/marchingbandsireland.com"],"url":"https:\/\/marchingbandsireland.com\/index.php\/author\/johnmcglade150\/"}]}},"jetpack_publicize_connections":[],"jetpack_featured_media_url":"https:\/\/marchingbandsireland.com\/wp-content\/uploads\/2023\/09\/img_7567-2.jpg","jetpack_sharing_enabled":true,"_links":{"self":[{"href":"https:\/\/marchingbandsireland.com\/index.php\/wp-json\/wp\/v2\/posts\/2585","targetHints":{"allow":["GET"]}}],"collection":[{"href":"https:\/\/marchingbandsireland.com\/index.php\/wp-json\/wp\/v2\/posts"}],"about":[{"href":"https:\/\/marchingbandsireland.com\/index.php\/wp-json\/wp\/v2\/types\/post"}],"author":[{"embeddable":true,"href":"https:\/\/marchingbandsireland.com\/index.php\/wp-json\/wp\/v2\/users\/1"}],"replies":[{"embeddable":true,"href":"https:\/\/marchingbandsireland.com\/index.php\/wp-json\/wp\/v2\/comments?post=2585"}],"version-history":[{"count":1,"href":"https:\/\/marchingbandsireland.com\/index.php\/wp-json\/wp\/v2\/posts\/2585\/revisions"}],"predecessor-version":[{"id":3150,"href":"https:\/\/marchingbandsireland.com\/index.php\/wp-json\/wp\/v2\/posts\/2585\/revisions\/3150"}],"wp:featuredmedia":[{"embeddable":true,"href":"https:\/\/marchingbandsireland.com\/index.php\/wp-json\/wp\/v2\/media\/2377"}],"wp:attachment":[{"href":"https:\/\/marchingbandsireland.com\/index.php\/wp-json\/wp\/v2\/media?parent=2585"}],"wp:term":[{"taxonomy":"category","embeddable":true,"href":"https:\/\/marchingbandsireland.com\/index.php\/wp-json\/wp\/v2\/categories?post=2585"},{"taxonomy":"post_tag","embeddable":true,"href":"https:\/\/marchingbandsireland.com\/index.php\/wp-json\/wp\/v2\/tags?post=2585"}],"curies":[{"name":"wp","href":"https:\/\/api.w.org\/{rel}","templated":true}]}}