{"id":2577,"date":"2024-10-25T17:42:47","date_gmt":"2024-10-25T17:42:47","guid":{"rendered":"https:\/\/marchingbandsireland.com\/index.php\/2024\/10\/25\/belfast-prepares-new-bid-for-fleadh-cheoil-na-heireann-2026-despite-past-setbacks\/"},"modified":"2024-10-25T17:42:47","modified_gmt":"2024-10-25T17:42:47","slug":"belfast-prepares-new-bid-for-fleadh-cheoil-na-heireann-2026-despite-past-setbacks","status":"publish","type":"post","link":"https:\/\/marchingbandsireland.com\/index.php\/2024\/10\/25\/belfast-prepares-new-bid-for-fleadh-cheoil-na-heireann-2026-despite-past-setbacks\/","title":{"rendered":"Belfast Prepares New Bid for Fleadh Cheoil na h\u00c9ireann 2026 Despite Past Setbacks"},"content":{"rendered":"\n<p>Belfast is once again aiming to host Fleadh Cheoil na h\u00c9ireann in 2026, with city officials intensifying their efforts following a series of unsuccessful bids. The renowned traditional Irish music festival, held in Northern Ireland only once in its 60-year history\u2014in Derry in 2013\u2014draws tens of thousands of visitors from around the world.<\/p>\n\n\n\n<p>Belfast City Council recently updated elected representatives on the city\u2019s 2026 bid, stressing a renewed commitment to addressing issues in previous applications. As part of their strategy, the Lord Mayor, Chief Executive, and a senior council official will attend an Irish cultural convention in the United States next April to boost international support.<\/p>\n\n\n\n<p>In the bid for the 2026 event, Belfast faces stiff competition from Ballina, County Mayo, which is also eager to host the festival and has an eye on 2027. Eamonn Walsh, PRO for the recent Connacht Fleadh in Ballina, is calling on Mayo County Council to support local Comhaltas organisations and prioritise the 2027 All-Ireland Fleadh for Ballina, the heart of north Mayo. Mr. Walsh noted that Ballina must start preparing an application for the 2026 Fleadh to prove to the 32 voting members of the \u00c1rd Comhairle of Comhaltas Ceolt\u00f3ir\u00ed \u00c9ireann that it is a serious contender for hosting by 2027. \u201cIt\u2019s imperative that we join the queue now,\u201d he emphasised.<\/p>\n\n\n\n<p>Belfast\u2019s earlier attempts to secure the Fleadh Cheoil\u2014most recently for the 2024 event\u2014were unsuccessful, losing out to Wexford in 2024 and Mullingar the previous year. Council reports identified weaknesses in past bids, including limited use of the Irish language, insufficient engagement with voting members, and a lack of accessibility provisions.<\/p>\n\n\n\n<p>In partnership with Ards Comhaltas Ceolt\u00f3ir\u00ed \u00c9ireann (CCE)\u2014Belfast City Council recently submitted an updated \u201cBid Book\u201d for the 2026 Fleadh Cheoil, meeting the 30 August deadline. An official decision is expected in early March 2025.<\/p>\n\n\n\n<figure class=\"wp-block-image size-large\"><img loading=\"lazy\" decoding=\"async\" width=\"1024\" height=\"576\" src=\"https:\/\/marchingbandsireland.com\/wp-content\/uploads\/2024\/10\/img_7626-1024x576.jpg\" class=\"wp-image-2576\" srcset=\"https:\/\/marchingbandsireland.com\/wp-content\/uploads\/2024\/10\/img_7626-1024x576.jpg 1024w, https:\/\/marchingbandsireland.com\/wp-content\/uploads\/2024\/10\/img_7626-300x169.jpg 300w, https:\/\/marchingbandsireland.com\/wp-content\/uploads\/2024\/10\/img_7626-768x432.jpg 768w, https:\/\/marchingbandsireland.com\/wp-content\/uploads\/2024\/10\/img_7626.jpg 1200w\" sizes=\"auto, (max-width: 1024px) 100vw, 1024px\" \/><\/figure>\n\n\n\n<p>To strengthen the city\u2019s case, Belfast officials, along with Ards CCE members, participated in a networking and engagement event at this year\u2019s Fleadh Cheoil in Wexford. Council representatives attended sessions with Wexford organisers to observe operational logistics, including visitor services, security, and volunteer management. This follows two years of operational research at Mullingar\u2019s Fleadh Cheoil, where they consulted with Sligo representatives, previous hosts of the event.<\/p>\n\n\n\n<p>The report highlights plans for continued collaboration with Fleadh organisers, including a planned October meeting with Wexford officials and potential opportunities for Belfast officials to shadow Wexford\u2019s Fleadh operations in the coming year. Comhaltas Ceolt\u00f3ir\u00ed \u00c9ireann representatives are expected to visit Belfast ahead of the final decision.<\/p>\n\n\n\n<p>To support the bid, the council is expediting staffing resources. Last month, the Lord Mayor hosted Ards CCE in celebration of their recent success at Wexford, where they earned four All-Ireland medals.<\/p>\n\n\n\n<p>The latest report also emphasises the importance of attending the Comhaltas Convention in the U.S. in April 2025. This event is essential for building connections with diaspora communities and securing U.S. votes, which<\/p>\n","protected":false},"excerpt":{"rendered":"<p>Belfast is once again aiming to host Fleadh Cheoil na h\u00c9ireann in 2026, with city officials intensifying their efforts following<\/p>\n","protected":false},"author":1,"featured_media":2575,"comment_status":"open","ping_status":"closed","sticky":false,"template":"","format":"standard","meta":{"colormag_page_container_layout":"default_layout","colormag_page_sidebar_layout":"default_layout","jetpack_post_was_ever_published":false,"_jetpack_newsletter_access":"","_jetpack_dont_email_post_to_subs":false,"_jetpack_newsletter_tier_id":0,"_jetpack_memberships_contains_paywalled_content":false,"_jetpack_memberships_contains_paid_content":false,"footnotes":"","jetpack_publicize_message":"","jetpack_publicize_feature_enabled":true,"jetpack_social_post_already_shared":true,"jetpack_social_options":{"image_generator_settings":{"template":"highway","default_image_id":0,"font":"","enabled":false},"version":2}},"categories":[1],"tags":[],"class_list":["post-2577","post","type-post","status-publish","format-standard","has-post-thumbnail","hentry","category-blog"],"yoast_head":"<!-- This site is optimized with the Yoast SEO plugin v27.1.1 - https:\/\/yoast.com\/product\/yoast-seo-wordpress\/ -->\n<title>Belfast Prepares New Bid for Fleadh Cheoil na h\u00c9ireann 2026 Despite Past Setbacks - Marching Bands Ireland<\/title>\n<meta name=\"robots\" content=\"index, follow, max-snippet:-1, max-image-preview:large, max-video-preview:-1\" \/>\n<link rel=\"canonical\" href=\"https:\/\/marchingbandsireland.com\/index.php\/2024\/10\/25\/belfast-prepares-new-bid-for-fleadh-cheoil-na-heireann-2026-despite-past-setbacks\/\" \/>\n<meta property=\"og:locale\" content=\"en_US\" \/>\n<meta property=\"og:type\" content=\"article\" \/>\n<meta property=\"og:title\" content=\"Belfast Prepares New Bid for Fleadh Cheoil na h\u00c9ireann 2026 Despite Past Setbacks - Marching Bands Ireland\" \/>\n<meta property=\"og:description\" content=\"Belfast is once again aiming to host Fleadh Cheoil na h\u00c9ireann in 2026, with city officials intensifying their efforts following\" \/>\n<meta property=\"og:url\" content=\"https:\/\/marchingbandsireland.com\/index.php\/2024\/10\/25\/belfast-prepares-new-bid-for-fleadh-cheoil-na-heireann-2026-despite-past-setbacks\/\" \/>\n<meta property=\"og:site_name\" content=\"Marching Bands Ireland\" \/>\n<meta property=\"article:published_time\" content=\"2024-10-25T17:42:47+00:00\" \/>\n<meta property=\"og:image\" content=\"https:\/\/marchingbandsireland.com\/wp-content\/uploads\/2024\/10\/img_7627-1.jpg\" \/>\n\t<meta property=\"og:image:width\" content=\"1280\" \/>\n\t<meta property=\"og:image:height\" content=\"768\" \/>\n\t<meta property=\"og:image:type\" content=\"image\/jpeg\" \/>\n<meta name=\"author\" content=\"johnmcglade150\" \/>\n<meta name=\"twitter:card\" content=\"summary_large_image\" \/>\n<meta name=\"twitter:label1\" content=\"Written by\" \/>\n\t<meta name=\"twitter:data1\" content=\"johnmcglade150\" \/>\n\t<meta name=\"twitter:label2\" content=\"Est. reading time\" \/>\n\t<meta name=\"twitter:data2\" content=\"2 minutes\" \/>\n<script type=\"application\/ld+json\" class=\"yoast-schema-graph\">{\"@context\":\"https:\/\/schema.org\",\"@graph\":[{\"@type\":\"Article\",\"@id\":\"https:\/\/marchingbandsireland.com\/index.php\/2024\/10\/25\/belfast-prepares-new-bid-for-fleadh-cheoil-na-heireann-2026-despite-past-setbacks\/#article\",\"isPartOf\":{\"@id\":\"https:\/\/marchingbandsireland.com\/index.php\/2024\/10\/25\/belfast-prepares-new-bid-for-fleadh-cheoil-na-heireann-2026-despite-past-setbacks\/\"},\"author\":{\"name\":\"johnmcglade150\",\"@id\":\"https:\/\/marchingbandsireland.com\/#\/schema\/person\/26a2622a4210130c7c9d4bd3d00f617d\"},\"headline\":\"Belfast Prepares New Bid for Fleadh Cheoil na h\u00c9ireann 2026 Despite Past Setbacks\",\"datePublished\":\"2024-10-25T17:42:47+00:00\",\"mainEntityOfPage\":{\"@id\":\"https:\/\/marchingbandsireland.com\/index.php\/2024\/10\/25\/belfast-prepares-new-bid-for-fleadh-cheoil-na-heireann-2026-despite-past-setbacks\/\"},\"wordCount\":497,\"commentCount\":0,\"publisher\":{\"@id\":\"https:\/\/marchingbandsireland.com\/#organization\"},\"image\":{\"@id\":\"https:\/\/marchingbandsireland.com\/index.php\/2024\/10\/25\/belfast-prepares-new-bid-for-fleadh-cheoil-na-heireann-2026-despite-past-setbacks\/#primaryimage\"},\"thumbnailUrl\":\"https:\/\/marchingbandsireland.com\/wp-content\/uploads\/2024\/10\/img_7627-1.jpg\",\"articleSection\":[\"Blog\"],\"inLanguage\":\"en-US\",\"potentialAction\":[{\"@type\":\"CommentAction\",\"name\":\"Comment\",\"target\":[\"https:\/\/marchingbandsireland.com\/index.php\/2024\/10\/25\/belfast-prepares-new-bid-for-fleadh-cheoil-na-heireann-2026-despite-past-setbacks\/#respond\"]}]},{\"@type\":\"WebPage\",\"@id\":\"https:\/\/marchingbandsireland.com\/index.php\/2024\/10\/25\/belfast-prepares-new-bid-for-fleadh-cheoil-na-heireann-2026-despite-past-setbacks\/\",\"url\":\"https:\/\/marchingbandsireland.com\/index.php\/2024\/10\/25\/belfast-prepares-new-bid-for-fleadh-cheoil-na-heireann-2026-despite-past-setbacks\/\",\"name\":\"Belfast Prepares New Bid for Fleadh Cheoil na h\u00c9ireann 2026 Despite Past Setbacks - Marching Bands Ireland\",\"isPartOf\":{\"@id\":\"https:\/\/marchingbandsireland.com\/#website\"},\"primaryImageOfPage\":{\"@id\":\"https:\/\/marchingbandsireland.com\/index.php\/2024\/10\/25\/belfast-prepares-new-bid-for-fleadh-cheoil-na-heireann-2026-despite-past-setbacks\/#primaryimage\"},\"image\":{\"@id\":\"https:\/\/marchingbandsireland.com\/index.php\/2024\/10\/25\/belfast-prepares-new-bid-for-fleadh-cheoil-na-heireann-2026-despite-past-setbacks\/#primaryimage\"},\"thumbnailUrl\":\"https:\/\/marchingbandsireland.com\/wp-content\/uploads\/2024\/10\/img_7627-1.jpg\",\"datePublished\":\"2024-10-25T17:42:47+00:00\",\"breadcrumb\":{\"@id\":\"https:\/\/marchingbandsireland.com\/index.php\/2024\/10\/25\/belfast-prepares-new-bid-for-fleadh-cheoil-na-heireann-2026-despite-past-setbacks\/#breadcrumb\"},\"inLanguage\":\"en-US\",\"potentialAction\":[{\"@type\":\"ReadAction\",\"target\":[\"https:\/\/marchingbandsireland.com\/index.php\/2024\/10\/25\/belfast-prepares-new-bid-for-fleadh-cheoil-na-heireann-2026-despite-past-setbacks\/\"]}]},{\"@type\":\"ImageObject\",\"inLanguage\":\"en-US\",\"@id\":\"https:\/\/marchingbandsireland.com\/index.php\/2024\/10\/25\/belfast-prepares-new-bid-for-fleadh-cheoil-na-heireann-2026-despite-past-setbacks\/#primaryimage\",\"url\":\"https:\/\/marchingbandsireland.com\/wp-content\/uploads\/2024\/10\/img_7627-1.jpg\",\"contentUrl\":\"https:\/\/marchingbandsireland.com\/wp-content\/uploads\/2024\/10\/img_7627-1.jpg\",\"width\":1280,\"height\":768},{\"@type\":\"BreadcrumbList\",\"@id\":\"https:\/\/marchingbandsireland.com\/index.php\/2024\/10\/25\/belfast-prepares-new-bid-for-fleadh-cheoil-na-heireann-2026-despite-past-setbacks\/#breadcrumb\",\"itemListElement\":[{\"@type\":\"ListItem\",\"position\":1,\"name\":\"Home\",\"item\":\"https:\/\/marchingbandsireland.com\/\"},{\"@type\":\"ListItem\",\"position\":2,\"name\":\"Belfast Prepares New Bid for Fleadh Cheoil na h\u00c9ireann 2026 Despite Past Setbacks\"}]},{\"@type\":\"WebSite\",\"@id\":\"https:\/\/marchingbandsireland.com\/#website\",\"url\":\"https:\/\/marchingbandsireland.com\/\",\"name\":\"Marching Bands Ireland\",\"description\":\"\",\"publisher\":{\"@id\":\"https:\/\/marchingbandsireland.com\/#organization\"},\"potentialAction\":[{\"@type\":\"SearchAction\",\"target\":{\"@type\":\"EntryPoint\",\"urlTemplate\":\"https:\/\/marchingbandsireland.com\/?s={search_term_string}\"},\"query-input\":{\"@type\":\"PropertyValueSpecification\",\"valueRequired\":true,\"valueName\":\"search_term_string\"}}],\"inLanguage\":\"en-US\"},{\"@type\":\"Organization\",\"@id\":\"https:\/\/marchingbandsireland.com\/#organization\",\"name\":\"Marching Bands Ireland\",\"url\":\"https:\/\/marchingbandsireland.com\/\",\"logo\":{\"@type\":\"ImageObject\",\"inLanguage\":\"en-US\",\"@id\":\"https:\/\/marchingbandsireland.com\/#\/schema\/logo\/image\/\",\"url\":\"https:\/\/marchingbandsireland.com\/wp-content\/uploads\/2019\/05\/cropped-cropped-cropped-cropped-screenshot-2019-05-15-at-18.28.12-1.png\",\"contentUrl\":\"https:\/\/marchingbandsireland.com\/wp-content\/uploads\/2019\/05\/cropped-cropped-cropped-cropped-screenshot-2019-05-15-at-18.28.12-1.png\",\"width\":163,\"height\":90,\"caption\":\"Marching Bands Ireland\"},\"image\":{\"@id\":\"https:\/\/marchingbandsireland.com\/#\/schema\/logo\/image\/\"}},{\"@type\":\"Person\",\"@id\":\"https:\/\/marchingbandsireland.com\/#\/schema\/person\/26a2622a4210130c7c9d4bd3d00f617d\",\"name\":\"johnmcglade150\",\"image\":{\"@type\":\"ImageObject\",\"inLanguage\":\"en-US\",\"@id\":\"https:\/\/marchingbandsireland.com\/#\/schema\/person\/image\/\",\"url\":\"https:\/\/secure.gravatar.com\/avatar\/979e9af104a71021e505c9a012ff3b37ecb062273885cec6058e097e00f35dc6?s=96&d=mm&r=g\",\"contentUrl\":\"https:\/\/secure.gravatar.com\/avatar\/979e9af104a71021e505c9a012ff3b37ecb062273885cec6058e097e00f35dc6?s=96&d=mm&r=g\",\"caption\":\"johnmcglade150\"},\"sameAs\":[\"https:\/\/marchingbandsireland.com\"],\"url\":\"https:\/\/marchingbandsireland.com\/index.php\/author\/johnmcglade150\/\"}]}<\/script>\n<!-- \/ Yoast SEO plugin. -->","yoast_head_json":{"title":"Belfast Prepares New Bid for Fleadh Cheoil na h\u00c9ireann 2026 Despite Past Setbacks - Marching Bands Ireland","robots":{"index":"index","follow":"follow","max-snippet":"max-snippet:-1","max-image-preview":"max-image-preview:large","max-video-preview":"max-video-preview:-1"},"canonical":"https:\/\/marchingbandsireland.com\/index.php\/2024\/10\/25\/belfast-prepares-new-bid-for-fleadh-cheoil-na-heireann-2026-despite-past-setbacks\/","og_locale":"en_US","og_type":"article","og_title":"Belfast Prepares New Bid for Fleadh Cheoil na h\u00c9ireann 2026 Despite Past Setbacks - Marching Bands Ireland","og_description":"Belfast is once again aiming to host Fleadh Cheoil na h\u00c9ireann in 2026, with city officials intensifying their efforts following","og_url":"https:\/\/marchingbandsireland.com\/index.php\/2024\/10\/25\/belfast-prepares-new-bid-for-fleadh-cheoil-na-heireann-2026-despite-past-setbacks\/","og_site_name":"Marching Bands Ireland","article_published_time":"2024-10-25T17:42:47+00:00","og_image":[{"width":1280,"height":768,"url":"https:\/\/marchingbandsireland.com\/wp-content\/uploads\/2024\/10\/img_7627-1.jpg","type":"image\/jpeg"}],"author":"johnmcglade150","twitter_card":"summary_large_image","twitter_misc":{"Written by":"johnmcglade150","Est. reading time":"2 minutes"},"schema":{"@context":"https:\/\/schema.org","@graph":[{"@type":"Article","@id":"https:\/\/marchingbandsireland.com\/index.php\/2024\/10\/25\/belfast-prepares-new-bid-for-fleadh-cheoil-na-heireann-2026-despite-past-setbacks\/#article","isPartOf":{"@id":"https:\/\/marchingbandsireland.com\/index.php\/2024\/10\/25\/belfast-prepares-new-bid-for-fleadh-cheoil-na-heireann-2026-despite-past-setbacks\/"},"author":{"name":"johnmcglade150","@id":"https:\/\/marchingbandsireland.com\/#\/schema\/person\/26a2622a4210130c7c9d4bd3d00f617d"},"headline":"Belfast Prepares New Bid for Fleadh Cheoil na h\u00c9ireann 2026 Despite Past Setbacks","datePublished":"2024-10-25T17:42:47+00:00","mainEntityOfPage":{"@id":"https:\/\/marchingbandsireland.com\/index.php\/2024\/10\/25\/belfast-prepares-new-bid-for-fleadh-cheoil-na-heireann-2026-despite-past-setbacks\/"},"wordCount":497,"commentCount":0,"publisher":{"@id":"https:\/\/marchingbandsireland.com\/#organization"},"image":{"@id":"https:\/\/marchingbandsireland.com\/index.php\/2024\/10\/25\/belfast-prepares-new-bid-for-fleadh-cheoil-na-heireann-2026-despite-past-setbacks\/#primaryimage"},"thumbnailUrl":"https:\/\/marchingbandsireland.com\/wp-content\/uploads\/2024\/10\/img_7627-1.jpg","articleSection":["Blog"],"inLanguage":"en-US","potentialAction":[{"@type":"CommentAction","name":"Comment","target":["https:\/\/marchingbandsireland.com\/index.php\/2024\/10\/25\/belfast-prepares-new-bid-for-fleadh-cheoil-na-heireann-2026-despite-past-setbacks\/#respond"]}]},{"@type":"WebPage","@id":"https:\/\/marchingbandsireland.com\/index.php\/2024\/10\/25\/belfast-prepares-new-bid-for-fleadh-cheoil-na-heireann-2026-despite-past-setbacks\/","url":"https:\/\/marchingbandsireland.com\/index.php\/2024\/10\/25\/belfast-prepares-new-bid-for-fleadh-cheoil-na-heireann-2026-despite-past-setbacks\/","name":"Belfast Prepares New Bid for Fleadh Cheoil na h\u00c9ireann 2026 Despite Past Setbacks - Marching Bands Ireland","isPartOf":{"@id":"https:\/\/marchingbandsireland.com\/#website"},"primaryImageOfPage":{"@id":"https:\/\/marchingbandsireland.com\/index.php\/2024\/10\/25\/belfast-prepares-new-bid-for-fleadh-cheoil-na-heireann-2026-despite-past-setbacks\/#primaryimage"},"image":{"@id":"https:\/\/marchingbandsireland.com\/index.php\/2024\/10\/25\/belfast-prepares-new-bid-for-fleadh-cheoil-na-heireann-2026-despite-past-setbacks\/#primaryimage"},"thumbnailUrl":"https:\/\/marchingbandsireland.com\/wp-content\/uploads\/2024\/10\/img_7627-1.jpg","datePublished":"2024-10-25T17:42:47+00:00","breadcrumb":{"@id":"https:\/\/marchingbandsireland.com\/index.php\/2024\/10\/25\/belfast-prepares-new-bid-for-fleadh-cheoil-na-heireann-2026-despite-past-setbacks\/#breadcrumb"},"inLanguage":"en-US","potentialAction":[{"@type":"ReadAction","target":["https:\/\/marchingbandsireland.com\/index.php\/2024\/10\/25\/belfast-prepares-new-bid-for-fleadh-cheoil-na-heireann-2026-despite-past-setbacks\/"]}]},{"@type":"ImageObject","inLanguage":"en-US","@id":"https:\/\/marchingbandsireland.com\/index.php\/2024\/10\/25\/belfast-prepares-new-bid-for-fleadh-cheoil-na-heireann-2026-despite-past-setbacks\/#primaryimage","url":"https:\/\/marchingbandsireland.com\/wp-content\/uploads\/2024\/10\/img_7627-1.jpg","contentUrl":"https:\/\/marchingbandsireland.com\/wp-content\/uploads\/2024\/10\/img_7627-1.jpg","width":1280,"height":768},{"@type":"BreadcrumbList","@id":"https:\/\/marchingbandsireland.com\/index.php\/2024\/10\/25\/belfast-prepares-new-bid-for-fleadh-cheoil-na-heireann-2026-despite-past-setbacks\/#breadcrumb","itemListElement":[{"@type":"ListItem","position":1,"name":"Home","item":"https:\/\/marchingbandsireland.com\/"},{"@type":"ListItem","position":2,"name":"Belfast Prepares New Bid for Fleadh Cheoil na h\u00c9ireann 2026 Despite Past Setbacks"}]},{"@type":"WebSite","@id":"https:\/\/marchingbandsireland.com\/#website","url":"https:\/\/marchingbandsireland.com\/","name":"Marching Bands Ireland","description":"","publisher":{"@id":"https:\/\/marchingbandsireland.com\/#organization"},"potentialAction":[{"@type":"SearchAction","target":{"@type":"EntryPoint","urlTemplate":"https:\/\/marchingbandsireland.com\/?s={search_term_string}"},"query-input":{"@type":"PropertyValueSpecification","valueRequired":true,"valueName":"search_term_string"}}],"inLanguage":"en-US"},{"@type":"Organization","@id":"https:\/\/marchingbandsireland.com\/#organization","name":"Marching Bands Ireland","url":"https:\/\/marchingbandsireland.com\/","logo":{"@type":"ImageObject","inLanguage":"en-US","@id":"https:\/\/marchingbandsireland.com\/#\/schema\/logo\/image\/","url":"https:\/\/marchingbandsireland.com\/wp-content\/uploads\/2019\/05\/cropped-cropped-cropped-cropped-screenshot-2019-05-15-at-18.28.12-1.png","contentUrl":"https:\/\/marchingbandsireland.com\/wp-content\/uploads\/2019\/05\/cropped-cropped-cropped-cropped-screenshot-2019-05-15-at-18.28.12-1.png","width":163,"height":90,"caption":"Marching Bands Ireland"},"image":{"@id":"https:\/\/marchingbandsireland.com\/#\/schema\/logo\/image\/"}},{"@type":"Person","@id":"https:\/\/marchingbandsireland.com\/#\/schema\/person\/26a2622a4210130c7c9d4bd3d00f617d","name":"johnmcglade150","image":{"@type":"ImageObject","inLanguage":"en-US","@id":"https:\/\/marchingbandsireland.com\/#\/schema\/person\/image\/","url":"https:\/\/secure.gravatar.com\/avatar\/979e9af104a71021e505c9a012ff3b37ecb062273885cec6058e097e00f35dc6?s=96&d=mm&r=g","contentUrl":"https:\/\/secure.gravatar.com\/avatar\/979e9af104a71021e505c9a012ff3b37ecb062273885cec6058e097e00f35dc6?s=96&d=mm&r=g","caption":"johnmcglade150"},"sameAs":["https:\/\/marchingbandsireland.com"],"url":"https:\/\/marchingbandsireland.com\/index.php\/author\/johnmcglade150\/"}]}},"jetpack_publicize_connections":[],"jetpack_featured_media_url":"https:\/\/marchingbandsireland.com\/wp-content\/uploads\/2024\/10\/img_7627-1.jpg","jetpack_sharing_enabled":true,"_links":{"self":[{"href":"https:\/\/marchingbandsireland.com\/index.php\/wp-json\/wp\/v2\/posts\/2577","targetHints":{"allow":["GET"]}}],"collection":[{"href":"https:\/\/marchingbandsireland.com\/index.php\/wp-json\/wp\/v2\/posts"}],"about":[{"href":"https:\/\/marchingbandsireland.com\/index.php\/wp-json\/wp\/v2\/types\/post"}],"author":[{"embeddable":true,"href":"https:\/\/marchingbandsireland.com\/index.php\/wp-json\/wp\/v2\/users\/1"}],"replies":[{"embeddable":true,"href":"https:\/\/marchingbandsireland.com\/index.php\/wp-json\/wp\/v2\/comments?post=2577"}],"version-history":[{"count":0,"href":"https:\/\/marchingbandsireland.com\/index.php\/wp-json\/wp\/v2\/posts\/2577\/revisions"}],"wp:featuredmedia":[{"embeddable":true,"href":"https:\/\/marchingbandsireland.com\/index.php\/wp-json\/wp\/v2\/media\/2575"}],"wp:attachment":[{"href":"https:\/\/marchingbandsireland.com\/index.php\/wp-json\/wp\/v2\/media?parent=2577"}],"wp:term":[{"taxonomy":"category","embeddable":true,"href":"https:\/\/marchingbandsireland.com\/index.php\/wp-json\/wp\/v2\/categories?post=2577"},{"taxonomy":"post_tag","embeddable":true,"href":"https:\/\/marchingbandsireland.com\/index.php\/wp-json\/wp\/v2\/tags?post=2577"}],"curies":[{"name":"wp","href":"https:\/\/api.w.org\/{rel}","templated":true}]}}