{"id":1991,"date":"2023-08-10T23:05:08","date_gmt":"2023-08-10T22:05:08","guid":{"rendered":"https:\/\/irishmarchingbandsmedia.wordpress.com\/?p=1991"},"modified":"2023-08-10T23:05:08","modified_gmt":"2023-08-10T22:05:08","slug":"preview-all-ireland-fleadh-marching-band-competition-2","status":"publish","type":"post","link":"https:\/\/marchingbandsireland.com\/index.php\/2023\/08\/10\/preview-all-ireland-fleadh-marching-band-competition-2\/","title":{"rendered":"Preview: All Ireland Fleadh Marching Band Competition"},"content":{"rendered":"\n<p>We have previewed the competitors for each section of the competition on Sunday<\/p>\n\n\n\n<div class=\"wp-block-group is-layout-constrained wp-block-group-is-layout-constrained\">\n<ol class=\"wp-block-list\">\n<li><a class=\"wp-block-table-of-contents__entry\" href=\"https:\/\/irishmarchingbandsmedia.wordpress.com\/2023\/08\/10\/preview-all-ireland-fleadh-marching-band-competition-2\/#30e-bannai-mairseala-pib\">30E Banna\u00ed M\u00e1irse\u00e1la, P\u00edb<\/a>\n<ol class=\"wp-block-list\">\n<li><a class=\"wp-block-table-of-contents__entry\" href=\"https:\/\/irishmarchingbandsmedia.wordpress.com\/2023\/08\/10\/preview-all-ireland-fleadh-marching-band-competition-2\/#12-00-clonoe-independent-pipe-band\">\u00b7**12:00 Clonoe independent Pipe Band<\/a><\/li>\n\n\n\n<li><a class=\"wp-block-table-of-contents__entry\" href=\"https:\/\/irishmarchingbandsmedia.wordpress.com\/2023\/08\/10\/preview-all-ireland-fleadh-marching-band-competition-2\/#12-15-letterkenny-district-pipe-band\">\u00b7**12:15 Letterkenny &amp; District Pipe Band<\/a><\/li>\n<\/ol>\n<\/li>\n\n\n\n<li><a class=\"wp-block-table-of-contents__entry\" href=\"https:\/\/irishmarchingbandsmedia.wordpress.com\/2023\/08\/10\/preview-all-ireland-fleadh-marching-band-competition-2\/#27d-bannai-mairseala-feadog-mhor-o18\">27D Banna\u00ed M\u00e1irse\u00e1la, Fead\u00f3g Mh\u00f3r O18<\/a>\n<ol class=\"wp-block-list\">\n<li><a class=\"wp-block-table-of-contents__entry\" href=\"https:\/\/irishmarchingbandsmedia.wordpress.com\/2023\/08\/10\/preview-all-ireland-fleadh-marching-band-competition-2\/#14-00-kenstown-and-senchelstown-marching-band\">\u00b7**14:00 Kenstown and Senchelstown Marching Band<\/a><\/li>\n<\/ol>\n<\/li>\n\n\n\n<li><a class=\"wp-block-table-of-contents__entry\" href=\"https:\/\/irishmarchingbandsmedia.wordpress.com\/2023\/08\/10\/preview-all-ireland-fleadh-marching-band-competition-2\/#28d-bannai-mairseala-feadog-mhor-o18\">28D Banna\u00ed M\u00e1irse\u00e1la, Fead\u00f3g Mh\u00f3r O18<\/a>\n<ol class=\"wp-block-list\">\n<li><a class=\"wp-block-table-of-contents__entry\" href=\"https:\/\/irishmarchingbandsmedia.wordpress.com\/2023\/08\/10\/preview-all-ireland-fleadh-marching-band-competition-2\/#14-15-buion-ceoil-an-mhacaire\">**14:15 Bu\u00edon Ceoil an Mhacaire<\/a><\/li>\n\n\n\n<li><a class=\"wp-block-table-of-contents__entry\" href=\"https:\/\/irishmarchingbandsmedia.wordpress.com\/2023\/08\/10\/preview-all-ireland-fleadh-marching-band-competition-2\/#14-30-maghery-fife-drum\">**14:30 Maghery Fife &amp; Drum<\/a><\/li>\n<\/ol>\n<\/li>\n\n\n\n<li><a class=\"wp-block-table-of-contents__entry\" href=\"https:\/\/irishmarchingbandsmedia.wordpress.com\/2023\/08\/10\/preview-all-ireland-fleadh-marching-band-competition-2\/#29f-bannai-mairseala-rogha-ghleas-u18\">29F Banna\u00ed M\u00e1irse\u00e1la,Rogha Ghl\u00e9as U18<\/a>\n<ol class=\"wp-block-list\">\n<li><a class=\"wp-block-table-of-contents__entry\" href=\"https:\/\/irishmarchingbandsmedia.wordpress.com\/2023\/08\/10\/preview-all-ireland-fleadh-marching-band-competition-2\/#14-45-st-louis-irish-arts\">**14:45 St Louis Irish Arts<\/a><\/li>\n\n\n\n<li><a class=\"wp-block-table-of-contents__entry\" href=\"https:\/\/irishmarchingbandsmedia.wordpress.com\/2023\/08\/10\/preview-all-ireland-fleadh-marching-band-competition-2\/#15-00-st-kevins\">**15:00 St Kevins<\/a><\/li>\n\n\n\n<li><a class=\"wp-block-table-of-contents__entry\" href=\"https:\/\/irishmarchingbandsmedia.wordpress.com\/2023\/08\/10\/preview-all-ireland-fleadh-marching-band-competition-2\/#15-15-banna-cheoil-cloich-cheann-fhaola\">**15:15 Banna Cheoil Cloich Cheann Fhaola<\/a><\/li>\n<\/ol>\n<\/li>\n\n\n\n<li><a class=\"wp-block-table-of-contents__entry\" href=\"https:\/\/irishmarchingbandsmedia.wordpress.com\/2023\/08\/10\/preview-all-ireland-fleadh-marching-band-competition-2\/#29f-bannai-mairseala-rogha-ghleas-o18\">29F Banna\u00ed M\u00e1irse\u00e1la,Rogha Ghl\u00e9as O18<\/a>\n<ol class=\"wp-block-list\">\n<li><a class=\"wp-block-table-of-contents__entry\" href=\"https:\/\/irishmarchingbandsmedia.wordpress.com\/2023\/08\/10\/preview-all-ireland-fleadh-marching-band-competition-2\/#15-30-mullingar-town-band\">**15:30 Mullingar Town band<\/a><\/li>\n\n\n\n<li><a class=\"wp-block-table-of-contents__entry\" href=\"https:\/\/irishmarchingbandsmedia.wordpress.com\/2023\/08\/10\/preview-all-ireland-fleadh-marching-band-competition-2\/#15-45-banna-cheoil-cloich-cheann-fhaola-senior\">**15:45 Banna Cheoil Cloich Cheann Fhaola Senior<\/a><\/li>\n<\/ol>\n<\/li>\n<\/ol>\n\n\n\n<p><\/p>\n\n\n<ul class=\"wp-block-latest-posts__list is-grid columns-3 wp-block-latest-posts\"><li><a class=\"wp-block-latest-posts__post-title\" href=\"https:\/\/marchingbandsireland.com\/index.php\/2026\/03\/27\/ranafast-band-marks-50-years-of-music-tradition-and-community\/\">Ranafast Band Marks 50 Years of Music, Tradition and Community<\/a><\/li>\n<li><a class=\"wp-block-latest-posts__post-title\" href=\"https:\/\/marchingbandsireland.com\/index.php\/2026\/03\/16\/iconic-titanic-slipways-chosen-for-fleadh-marching-bands\/\">Iconic Titanic Slipways chosen to Host Fleadh Marching Bands<\/a><\/li>\n<li><a class=\"wp-block-latest-posts__post-title\" href=\"https:\/\/marchingbandsireland.com\/index.php\/2026\/03\/15\/dungiven-gears-up-for-one-of-irelands-biggest-st-patricks-day-parades\/\">Dungiven gears up for one of Ireland\u2019s biggest St\u202fPatrick\u2019s Day parades<\/a><\/li>\n<\/ul><\/div>\n\n\n\n<h2 class=\"wp-block-heading\" id=\"30e-bannai-mairseala-pib\">30E Banna\u00ed M\u00e1irse\u00e1la, P\u00edb<\/h2>\n\n\n\n<div class=\"wp-block-group is-vertical is-layout-flex wp-container-core-group-is-layout-fe9cc265 wp-block-group-is-layout-flex\">\n<h3 class=\"wp-block-heading\" id=\"12-00-clonoe-independent-pipe-band\">\u00b7**12:00 Clonoe independent Pipe Band<\/h3>\n\n\n\n<h3 class=\"wp-block-heading\" id=\"12-15-letterkenny-district-pipe-band\">\u00b7**12:15 Letterkenny &amp; District Pipe Band<\/h3>\n<\/div>\n\n\n\n<p>In a remarkable resurgence, the Clonoe Independent Pipe Band has reemerged onto the scene this year after a hiatus of over two decades. This resurgence carries with it a resolute determination to capture their first All Ireland Fleadh title since their triumphant run of victories spanning 1992 to 1994.<\/p>\n\n\n\n<p>Their recent triumph at this year&#8217;s Ulster Fleadh, where they outshone the reigning Ulster champions from the previous year, underscores their renewed prowess and commitment.<\/p>\n\n\n\n<p>Letterkenny Pipe Band, secured victory at last year&#8217;s Ulster Fleadh, marking a significant milestone in their journey. This year, they continued to impress, claiming an second place at the competition and qualifying for this years All Ireland Fleadh. It is expected the band won\u2019t attend due to other commitments this weekend at the Ulster Pipe Band Championships.<\/p>\n\n\n\n<figure class=\"wp-block-image size-large\"><img decoding=\"async\" src=\"https:\/\/irishmarchingbandsmedia.files.wordpress.com\/2023\/08\/img_6927-edited.jpg?w=870\" alt=\"\" class=\"wp-image-2013\" \/><\/figure>\n\n\n\n<h2 class=\"wp-block-heading\" id=\"27d-bannai-mairseala-feadog-mhor-o18\">27D Banna\u00ed M\u00e1irse\u00e1la, Fead\u00f3g Mh\u00f3r O18<\/h2>\n\n\n\n<h3 class=\"wp-block-heading\" id=\"14-00-kenstown-and-senchelstown-marching-band\">\u00b7**14:00 Kenstown and Senchelstown Marching Band<\/h3>\n\n\n\n<p>K and S this year set their sights on the coveted senior accordion title and are determined to reclaim the glory that has eluded them for over 20 years. The last time they emerged victorious in the senior category was back in 2002, and since then, they have been a dominant force, consistently securing victory in the junior accordion section. In fact, they hold the record for the most junior accordion titles, an impressive total of 13 wins with 4 in the past 8 years.<\/p>\n\n\n\n<p>If successful on Sunday they will take the Senior accordion trophy to Leinster for only the second time ever.<\/p>\n\n\n\n<figure class=\"wp-block-image size-large\"><img decoding=\"async\" src=\"https:\/\/irishmarchingbandsmedia.files.wordpress.com\/2023\/08\/img_0553-edited.jpg?w=960\" alt=\"\" class=\"wp-image-2014\" \/><\/figure>\n\n\n\n<h2 class=\"wp-block-heading\" id=\"28d-bannai-mairseala-feadog-mhor-o18\">28D Banna\u00ed M\u00e1irse\u00e1la, Fead\u00f3g Mh\u00f3r O18<\/h2>\n\n\n\n<h3 class=\"wp-block-heading\" id=\"14-15-buion-ceoil-an-mhacaire\">**14:15 Bu\u00edon Ceoil an Mhacaire<\/h3>\n\n\n\n<h3 class=\"wp-block-heading\" id=\"14-30-maghery-fife-drum\">**14:30 Maghery Fife &amp; Drum<\/h3>\n\n\n\n<p>In what must be competition history, two Maghery flute bands will engage in competition on Sunday. This marks a notable milestone, as Maghery has previously had both Senior and Junior participants at Fleadh Cheoil na hEireann in 2011 and 2012; however, this marks the first time that two senior bands have entered the same section.<\/p>\n\n\n\n<p>Bu\u00edon Ceoil an Mhacaire, often referred to as the &#8220;old band,&#8221; has made the bold decision to challenge the Senior competitive band, known for their exceptional musical performances. They enter the competition as Donegal and Ulster Fleadh champions. <\/p>\n\n\n\n<p>The Maghery Fife and Drum band boasts an impressive track record of clinching the All Ireland titles six times in a row, solidifying their reputation as one of the finest bands in the entire country. Their exceptional drill performances, exemplified by their triumph in the Limerick International Championship where they outperformed 20 other bands to win the title of Best Drill, further cements their reputation.<\/p>\n\n\n\n<p>Remarkably, the Maghery Senior band is in close pursuit of the longstanding record for the most consecutive All Ireland victories; currently standing at six, the band to beat is Mullaghduff Fife and Drum, who have an astounding nine-year winning streak and a staggering total of fourteen All Ireland titles.<\/p>\n\n\n\n<div class=\"wp-block-jetpack-tiled-gallery aligncenter is-style-rectangular\"><div class=\"tiled-gallery__gallery\"><div class=\"tiled-gallery__row\"><div class=\"tiled-gallery__col\" style=\"flex-basis:56.17899%\"><figure class=\"tiled-gallery__item\"><img decoding=\"async\" srcset=\"https:\/\/irishmarchingbandsmedia.files.wordpress.com\/2023\/08\/img_7158.jpg?strip=info&#038;w=600 600w,https:\/\/irishmarchingbandsmedia.files.wordpress.com\/2023\/08\/img_7158.jpg?strip=info&#038;w=900 900w,https:\/\/irishmarchingbandsmedia.files.wordpress.com\/2023\/08\/img_7158.jpg?strip=info&#038;w=1170 1170w\" alt=\"\" data-height=\"684\" data-id=\"2001\" data-link=\"https:\/\/irishmarchingbandsmedia.wordpress.com\/img_7158\/\" data-url=\"https:\/\/irishmarchingbandsmedia.files.wordpress.com\/2023\/08\/img_7158.jpg?w=736\" data-width=\"1170\" src=\"https:\/\/irishmarchingbandsmedia.files.wordpress.com\/2023\/08\/img_7158.jpg\" \/><\/figure><\/div><div class=\"tiled-gallery__col\" style=\"flex-basis:43.82101%\"><figure class=\"tiled-gallery__item\"><img decoding=\"async\" srcset=\"https:\/\/marchingbandsireland.com\/wp-content\/uploads\/2023\/08\/img_6930-1.jpg?strip=info&#038;w=600 600w,https:\/\/marchingbandsireland.com\/wp-content\/uploads\/2023\/08\/img_6930-1.jpg?strip=info&#038;w=900 900w,https:\/\/marchingbandsireland.com\/wp-content\/uploads\/2023\/08\/img_6930-1.jpg?strip=info&#038;w=1200 1200w,https:\/\/marchingbandsireland.com\/wp-content\/uploads\/2023\/08\/img_6930-1.jpg?strip=info&#038;w=1409 1409w\" alt=\"\" data-height=\"1057\" data-id=\"1999\" data-link=\"https:\/\/irishmarchingbandsmedia.wordpress.com\/img_6930-2\/\" data-url=\"https:\/\/marchingbandsireland.com\/wp-content\/uploads\/2023\/08\/img_6930-1.jpg?w=736\" data-width=\"1409\" src=\"https:\/\/marchingbandsireland.com\/wp-content\/uploads\/2023\/08\/img_6930-1.jpg\" \/><\/figure><\/div><\/div><\/div><\/div>\n\n\n\n<h2 class=\"wp-block-heading\" id=\"29f-bannai-mairseala-rogha-ghleas-u18\">29F Banna\u00ed M\u00e1irse\u00e1la,Rogha Ghl\u00e9as U18<\/h2>\n\n\n\n<h3 class=\"wp-block-heading\" id=\"14-45-st-louis-irish-arts\">**14:45 St Louis Irish Arts<\/h3>\n\n\n\n<h3 class=\"wp-block-heading\" id=\"15-00-st-kevins\">**15:00 St Kevins<\/h3>\n\n\n\n<h3 class=\"wp-block-heading\" id=\"15-15-banna-cheoil-cloich-cheann-fhaola\">**15:15 Banna Cheoil Cloich Cheann Fhaola<\/h3>\n\n\n\n<p>St Louis Arts are an American based band who qualified for last years All Ireland Fleadh but did not travel over as is expected this year too.<\/p>\n\n\n\n<p>Hailing from the picturesque Ferns in Wexford, the newly established ensemble, St. Kevin\u2019s Marching Band, has set their sights on a triumphant milestone \u2013 securing their inaugural All Ireland title. Although a recently formed group, their ambition is matched by their dedication. Notably, they participated in the All Ireland Fleadh of 2016, marking a previous chapter in their journey towards triumph.<\/p>\n\n\n\n<p><br \/>Cloich Cheann Fhaola, a band renowned for their exceptional achievements, stands as the final contenders of this competition \u2013 a title they clinched prior to the onset of the COVID-19 pandemic in 2019. Their illustrious journey includes an impressive record of securing four Junior All Ireland titles since 2014, underscoring their remarkable history.<\/p>\n\n\n\n<div class=\"wp-block-jetpack-tiled-gallery aligncenter is-style-rectangular\"><div class=\"tiled-gallery__gallery\"><div class=\"tiled-gallery__row\"><div class=\"tiled-gallery__col\" style=\"flex-basis:45.11722%\"><figure class=\"tiled-gallery__item\"><img decoding=\"async\" srcset=\"https:\/\/marchingbandsireland.com\/wp-content\/uploads\/2023\/08\/img_7164.jpg?strip=info&#038;w=600 600w,https:\/\/marchingbandsireland.com\/wp-content\/uploads\/2023\/08\/img_7164.jpg?strip=info&#038;w=900 900w,https:\/\/marchingbandsireland.com\/wp-content\/uploads\/2023\/08\/img_7164.jpg?strip=info&#038;w=1200 1200w,https:\/\/marchingbandsireland.com\/wp-content\/uploads\/2023\/08\/img_7164.jpg?strip=info&#038;w=1500 1500w,https:\/\/marchingbandsireland.com\/wp-content\/uploads\/2023\/08\/img_7164.jpg?strip=info&#038;w=1800 1800w,https:\/\/marchingbandsireland.com\/wp-content\/uploads\/2023\/08\/img_7164.jpg?strip=info&#038;w=2000 2000w\" alt=\"\" data-height=\"1289\" data-id=\"1921\" data-link=\"https:\/\/irishmarchingbandsmedia.wordpress.com\/2023\/07\/09\/leinster-fleadh-results-2023\/img_7164\/\" data-url=\"https:\/\/marchingbandsireland.com\/wp-content\/uploads\/2023\/08\/img_7164.jpg?w=736\" data-width=\"2048\" src=\"https:\/\/marchingbandsireland.com\/wp-content\/uploads\/2023\/08\/img_7164.jpg\" \/><\/figure><\/div><div class=\"tiled-gallery__col\" style=\"flex-basis:54.88278%\"><figure class=\"tiled-gallery__item\"><img decoding=\"async\" srcset=\"https:\/\/marchingbandsireland.com\/wp-content\/uploads\/2023\/08\/img_6932.jpg?strip=info&#038;w=600 600w,https:\/\/marchingbandsireland.com\/wp-content\/uploads\/2023\/08\/img_6932.jpg?strip=info&#038;w=900 900w,https:\/\/marchingbandsireland.com\/wp-content\/uploads\/2023\/08\/img_6932.jpg?strip=info&#038;w=1200 1200w,https:\/\/marchingbandsireland.com\/wp-content\/uploads\/2023\/08\/img_6932.jpg?strip=info&#038;w=1385 1385w\" alt=\"\" data-height=\"716\" data-id=\"1917\" data-link=\"https:\/\/irishmarchingbandsmedia.wordpress.com\/2023\/07\/23\/ulster-fleadh-results-5-bands-qualify-for-mullingar\/img_6932\/\" data-url=\"https:\/\/marchingbandsireland.com\/wp-content\/uploads\/2023\/08\/img_6932.jpg?w=736\" data-width=\"1385\" src=\"https:\/\/marchingbandsireland.com\/wp-content\/uploads\/2023\/08\/img_6932.jpg\" \/><\/figure><\/div><\/div><\/div><\/div>\n\n\n\n<h2 class=\"wp-block-heading\" id=\"29f-bannai-mairseala-rogha-ghleas-o18\">29F Banna\u00ed M\u00e1irse\u00e1la,Rogha Ghl\u00e9as O18<\/h2>\n\n\n\n<h3 class=\"wp-block-heading\" id=\"15-30-mullingar-town-band\">**15:30 Mullingar Town band<\/h3>\n\n\n\n<h3 class=\"wp-block-heading\" id=\"15-45-banna-cheoil-cloich-cheann-fhaola-senior\">**15:45 Banna Cheoil Cloich Cheann Fhaola Senior<\/h3>\n\n\n\n<p>Mullingar Town Band, have impressive heritage spanning nearly 150 years, are poised for a captivating encore at only their second All Ireland Fleadh appearance. With their sights set on achieving consecutive All Ireland titles, for the first time in their history.<\/p>\n\n\n\n<p>Distinguished by their brass and woodwind instrumentation, Mullingar Town Band offers a unique experience that stands apart from the traditional accordion and tin whistle amalgamation typical of this section. Their distinctive approach promises to captivate the discerning ears of adjudicators.<\/p>\n\n\n\n<p>Beyond the All Ireland Fleadh, the band engages in competition within the IMBA arena, where they have proven their mettle. Their breakthrough came in 2017 when they secured their maiden victory in the All Ireland IMBA competition, marking a significant milestone in their journey. Venturing onto the international stage, Mullingar Town Band showcased their exceptional talent by claiming victory in the Limerick Marching Band Championships of 2022.<\/p>\n\n\n\n<p><\/p>\n\n\n\n<p>The final band who will perform on the day are Cloich Cheann Fhaola senior band who are aiming for their first title since 2018. The band formed as past members from their highly successful junior band got together for a homecoming, leading them to a resounding All Ireland victory during their inaugural year in 2017 winning the Donegal and Ulster titles along the way as well.<\/p>\n\n\n\n<p>Their journey continued to flourish, culminating in consecutive victories in 2018, a testament to their unwavering dedication. The subsequent year, 2019, witnessed a closely contested performance between four bands, resulting in a commendable second-place finish by the narrowest of margins.<\/p>\n\n\n\n<div class=\"wp-block-jetpack-tiled-gallery aligncenter is-style-columns\"><div class=\"tiled-gallery__gallery\"><div class=\"tiled-gallery__row\"><div class=\"tiled-gallery__col\" style=\"flex-basis:59.97564%\"><figure class=\"tiled-gallery__item\"><img decoding=\"async\" srcset=\"https:\/\/irishmarchingbandsmedia.files.wordpress.com\/2023\/08\/img_7163.jpg?strip=info&#038;w=600 600w,https:\/\/irishmarchingbandsmedia.files.wordpress.com\/2023\/08\/img_7163.jpg?strip=info&#038;w=900 900w,https:\/\/irishmarchingbandsmedia.files.wordpress.com\/2023\/08\/img_7163.jpg?strip=info&#038;w=1200 1200w,https:\/\/irishmarchingbandsmedia.files.wordpress.com\/2023\/08\/img_7163.jpg?strip=info&#038;w=1500 1500w,https:\/\/irishmarchingbandsmedia.files.wordpress.com\/2023\/08\/img_7163.jpg?strip=info&#038;w=1800 1800w,https:\/\/irishmarchingbandsmedia.files.wordpress.com\/2023\/08\/img_7163.jpg?strip=info&#038;w=2000 2000w\" alt=\"\" data-height=\"1365\" data-id=\"1997\" data-link=\"https:\/\/irishmarchingbandsmedia.wordpress.com\/img_7163\/\" data-url=\"https:\/\/irishmarchingbandsmedia.files.wordpress.com\/2023\/08\/img_7163.jpg?w=736\" data-width=\"2048\" src=\"https:\/\/irishmarchingbandsmedia.files.wordpress.com\/2023\/08\/img_7163.jpg\" \/><\/figure><\/div><div class=\"tiled-gallery__col\" style=\"flex-basis:40.02436%\"><figure class=\"tiled-gallery__item\"><img decoding=\"async\" srcset=\"https:\/\/marchingbandsireland.com\/wp-content\/uploads\/2023\/08\/img_1578-1.jpg?strip=info&#038;w=600 600w,https:\/\/marchingbandsireland.com\/wp-content\/uploads\/2023\/08\/img_1578-1.jpg?strip=info&#038;w=750 750w\" alt=\"\" data-height=\"489\" data-id=\"1998\" data-link=\"https:\/\/irishmarchingbandsmedia.wordpress.com\/img_1578-4\/\" data-url=\"https:\/\/marchingbandsireland.com\/wp-content\/uploads\/2023\/08\/img_1578-1.jpg?w=736\" data-width=\"750\" src=\"https:\/\/marchingbandsireland.com\/wp-content\/uploads\/2023\/08\/img_1578-1.jpg\" \/><\/figure><\/div><\/div><\/div><\/div>\n\n\n\n<p><strong>The results of the competition are expected around 4pm. With the parade expected to follow at 16:30. It will leave the stadium and proceed down castle street.<\/strong><\/p>\n\n\n\n<p><strong>*All times are approximate and subject to change on the day.<\/strong><\/p>\n\n\n<ul class=\"wp-block-latest-posts__list wp-block-latest-posts\"><li><div class=\"wp-block-latest-posts__featured-image\"><img loading=\"lazy\" decoding=\"async\" width=\"150\" height=\"150\" src=\"https:\/\/marchingbandsireland.com\/wp-content\/uploads\/2026\/03\/img_7483-150x150.jpg\" class=\"attachment-thumbnail size-thumbnail wp-post-image\" alt=\"\" style=\"\" \/><\/div><a class=\"wp-block-latest-posts__post-title\" href=\"https:\/\/marchingbandsireland.com\/index.php\/2026\/03\/27\/ranafast-band-marks-50-years-of-music-tradition-and-community\/\">Ranafast Band Marks 50 Years of Music, Tradition and Community<\/a><\/li>\n<li><div class=\"wp-block-latest-posts__featured-image\"><img loading=\"lazy\" decoding=\"async\" width=\"150\" height=\"150\" src=\"https:\/\/marchingbandsireland.com\/wp-content\/uploads\/2026\/03\/img_7362-3-150x150.jpg\" class=\"attachment-thumbnail size-thumbnail wp-post-image\" alt=\"\" style=\"\" \/><\/div><a class=\"wp-block-latest-posts__post-title\" href=\"https:\/\/marchingbandsireland.com\/index.php\/2026\/03\/16\/iconic-titanic-slipways-chosen-for-fleadh-marching-bands\/\">Iconic Titanic Slipways chosen to Host Fleadh Marching Bands<\/a><\/li>\n<li><div class=\"wp-block-latest-posts__featured-image\"><img loading=\"lazy\" decoding=\"async\" width=\"150\" height=\"150\" src=\"https:\/\/marchingbandsireland.com\/wp-content\/uploads\/2026\/03\/img_7347-150x150.jpg\" class=\"attachment-thumbnail size-thumbnail wp-post-image\" alt=\"\" style=\"\" \/><\/div><a class=\"wp-block-latest-posts__post-title\" href=\"https:\/\/marchingbandsireland.com\/index.php\/2026\/03\/15\/dungiven-gears-up-for-one-of-irelands-biggest-st-patricks-day-parades\/\">Dungiven gears up for one of Ireland\u2019s biggest St\u202fPatrick\u2019s Day parades<\/a><\/li>\n<\/ul>","protected":false},"excerpt":{"rendered":"<p>We have previewed the competitors for each section of the competition on Sunday 30E Banna\u00ed M\u00e1irse\u00e1la, P\u00edb \u00b7**12:00 Clonoe independent<\/p>\n","protected":false},"author":1,"featured_media":1914,"comment_status":"open","ping_status":"open","sticky":false,"template":"","format":"standard","meta":{"colormag_page_container_layout":"default_layout","colormag_page_sidebar_layout":"default_layout","jetpack_post_was_ever_published":false,"_jetpack_newsletter_access":"","_jetpack_dont_email_post_to_subs":false,"_jetpack_newsletter_tier_id":0,"_jetpack_memberships_contains_paywalled_content":false,"_jetpack_memberships_contains_paid_content":false,"footnotes":"","jetpack_publicize_message":"","jetpack_publicize_feature_enabled":true,"jetpack_social_post_already_shared":false,"jetpack_social_options":{"image_generator_settings":{"template":"highway","default_image_id":0,"font":"","enabled":false},"version":2}},"categories":[3],"tags":[],"class_list":["post-1991","post","type-post","status-publish","format-standard","has-post-thumbnail","hentry","category-all-ireland-fleadh-2023"],"yoast_head":"<!-- This site is optimized with the Yoast SEO plugin v27.1.1 - https:\/\/yoast.com\/product\/yoast-seo-wordpress\/ -->\n<title>Preview: All Ireland Fleadh Marching Band Competition - Marching Bands Ireland<\/title>\n<meta name=\"robots\" content=\"index, follow, max-snippet:-1, max-image-preview:large, max-video-preview:-1\" \/>\n<link rel=\"canonical\" href=\"https:\/\/marchingbandsireland.com\/index.php\/2023\/08\/10\/preview-all-ireland-fleadh-marching-band-competition-2\/\" \/>\n<meta property=\"og:locale\" content=\"en_US\" \/>\n<meta property=\"og:type\" content=\"article\" \/>\n<meta property=\"og:title\" content=\"Preview: All Ireland Fleadh Marching Band Competition - Marching Bands Ireland\" \/>\n<meta property=\"og:description\" content=\"We have previewed the competitors for each section of the competition on Sunday 30E Banna\u00ed M\u00e1irse\u00e1la, P\u00edb \u00b7**12:00 Clonoe independent\" \/>\n<meta property=\"og:url\" content=\"https:\/\/marchingbandsireland.com\/index.php\/2023\/08\/10\/preview-all-ireland-fleadh-marching-band-competition-2\/\" \/>\n<meta property=\"og:site_name\" content=\"Marching Bands Ireland\" \/>\n<meta property=\"article:published_time\" content=\"2023-08-10T22:05:08+00:00\" \/>\n<meta property=\"og:image\" content=\"https:\/\/marchingbandsireland.com\/wp-content\/uploads\/2023\/08\/img_7165-scaled.jpg\" \/>\n\t<meta property=\"og:image:width\" content=\"2560\" \/>\n\t<meta property=\"og:image:height\" content=\"1920\" \/>\n\t<meta property=\"og:image:type\" content=\"image\/jpeg\" \/>\n<meta name=\"author\" content=\"johnmcglade150\" \/>\n<meta name=\"twitter:card\" content=\"summary_large_image\" \/>\n<meta name=\"twitter:label1\" content=\"Written by\" \/>\n\t<meta name=\"twitter:data1\" content=\"johnmcglade150\" \/>\n\t<meta name=\"twitter:label2\" content=\"Est. reading time\" \/>\n\t<meta name=\"twitter:data2\" content=\"5 minutes\" \/>\n<script type=\"application\/ld+json\" class=\"yoast-schema-graph\">{\"@context\":\"https:\/\/schema.org\",\"@graph\":[{\"@type\":\"Article\",\"@id\":\"https:\/\/marchingbandsireland.com\/index.php\/2023\/08\/10\/preview-all-ireland-fleadh-marching-band-competition-2\/#article\",\"isPartOf\":{\"@id\":\"https:\/\/marchingbandsireland.com\/index.php\/2023\/08\/10\/preview-all-ireland-fleadh-marching-band-competition-2\/\"},\"author\":{\"name\":\"johnmcglade150\",\"@id\":\"https:\/\/marchingbandsireland.com\/#\/schema\/person\/26a2622a4210130c7c9d4bd3d00f617d\"},\"headline\":\"Preview: All Ireland Fleadh Marching Band Competition\",\"datePublished\":\"2023-08-10T22:05:08+00:00\",\"mainEntityOfPage\":{\"@id\":\"https:\/\/marchingbandsireland.com\/index.php\/2023\/08\/10\/preview-all-ireland-fleadh-marching-band-competition-2\/\"},\"wordCount\":1053,\"commentCount\":0,\"publisher\":{\"@id\":\"https:\/\/marchingbandsireland.com\/#organization\"},\"image\":{\"@id\":\"https:\/\/marchingbandsireland.com\/index.php\/2023\/08\/10\/preview-all-ireland-fleadh-marching-band-competition-2\/#primaryimage\"},\"thumbnailUrl\":\"https:\/\/marchingbandsireland.com\/wp-content\/uploads\/2023\/08\/img_7165-scaled.jpg\",\"articleSection\":[\"All Ireland Fleadh 2023\"],\"inLanguage\":\"en-US\",\"potentialAction\":[{\"@type\":\"CommentAction\",\"name\":\"Comment\",\"target\":[\"https:\/\/marchingbandsireland.com\/index.php\/2023\/08\/10\/preview-all-ireland-fleadh-marching-band-competition-2\/#respond\"]}]},{\"@type\":\"WebPage\",\"@id\":\"https:\/\/marchingbandsireland.com\/index.php\/2023\/08\/10\/preview-all-ireland-fleadh-marching-band-competition-2\/\",\"url\":\"https:\/\/marchingbandsireland.com\/index.php\/2023\/08\/10\/preview-all-ireland-fleadh-marching-band-competition-2\/\",\"name\":\"Preview: All Ireland Fleadh Marching Band Competition - Marching Bands Ireland\",\"isPartOf\":{\"@id\":\"https:\/\/marchingbandsireland.com\/#website\"},\"primaryImageOfPage\":{\"@id\":\"https:\/\/marchingbandsireland.com\/index.php\/2023\/08\/10\/preview-all-ireland-fleadh-marching-band-competition-2\/#primaryimage\"},\"image\":{\"@id\":\"https:\/\/marchingbandsireland.com\/index.php\/2023\/08\/10\/preview-all-ireland-fleadh-marching-band-competition-2\/#primaryimage\"},\"thumbnailUrl\":\"https:\/\/marchingbandsireland.com\/wp-content\/uploads\/2023\/08\/img_7165-scaled.jpg\",\"datePublished\":\"2023-08-10T22:05:08+00:00\",\"breadcrumb\":{\"@id\":\"https:\/\/marchingbandsireland.com\/index.php\/2023\/08\/10\/preview-all-ireland-fleadh-marching-band-competition-2\/#breadcrumb\"},\"inLanguage\":\"en-US\",\"potentialAction\":[{\"@type\":\"ReadAction\",\"target\":[\"https:\/\/marchingbandsireland.com\/index.php\/2023\/08\/10\/preview-all-ireland-fleadh-marching-band-competition-2\/\"]}]},{\"@type\":\"ImageObject\",\"inLanguage\":\"en-US\",\"@id\":\"https:\/\/marchingbandsireland.com\/index.php\/2023\/08\/10\/preview-all-ireland-fleadh-marching-band-competition-2\/#primaryimage\",\"url\":\"https:\/\/marchingbandsireland.com\/wp-content\/uploads\/2023\/08\/img_7165-scaled.jpg\",\"contentUrl\":\"https:\/\/marchingbandsireland.com\/wp-content\/uploads\/2023\/08\/img_7165-scaled.jpg\",\"width\":2560,\"height\":1920},{\"@type\":\"BreadcrumbList\",\"@id\":\"https:\/\/marchingbandsireland.com\/index.php\/2023\/08\/10\/preview-all-ireland-fleadh-marching-band-competition-2\/#breadcrumb\",\"itemListElement\":[{\"@type\":\"ListItem\",\"position\":1,\"name\":\"Home\",\"item\":\"https:\/\/marchingbandsireland.com\/\"},{\"@type\":\"ListItem\",\"position\":2,\"name\":\"Preview: All Ireland Fleadh Marching Band Competition\"}]},{\"@type\":\"WebSite\",\"@id\":\"https:\/\/marchingbandsireland.com\/#website\",\"url\":\"https:\/\/marchingbandsireland.com\/\",\"name\":\"Marching Bands Ireland\",\"description\":\"\",\"publisher\":{\"@id\":\"https:\/\/marchingbandsireland.com\/#organization\"},\"potentialAction\":[{\"@type\":\"SearchAction\",\"target\":{\"@type\":\"EntryPoint\",\"urlTemplate\":\"https:\/\/marchingbandsireland.com\/?s={search_term_string}\"},\"query-input\":{\"@type\":\"PropertyValueSpecification\",\"valueRequired\":true,\"valueName\":\"search_term_string\"}}],\"inLanguage\":\"en-US\"},{\"@type\":\"Organization\",\"@id\":\"https:\/\/marchingbandsireland.com\/#organization\",\"name\":\"Marching Bands Ireland\",\"url\":\"https:\/\/marchingbandsireland.com\/\",\"logo\":{\"@type\":\"ImageObject\",\"inLanguage\":\"en-US\",\"@id\":\"https:\/\/marchingbandsireland.com\/#\/schema\/logo\/image\/\",\"url\":\"https:\/\/marchingbandsireland.com\/wp-content\/uploads\/2019\/05\/cropped-cropped-cropped-cropped-screenshot-2019-05-15-at-18.28.12-1.png\",\"contentUrl\":\"https:\/\/marchingbandsireland.com\/wp-content\/uploads\/2019\/05\/cropped-cropped-cropped-cropped-screenshot-2019-05-15-at-18.28.12-1.png\",\"width\":163,\"height\":90,\"caption\":\"Marching Bands Ireland\"},\"image\":{\"@id\":\"https:\/\/marchingbandsireland.com\/#\/schema\/logo\/image\/\"}},{\"@type\":\"Person\",\"@id\":\"https:\/\/marchingbandsireland.com\/#\/schema\/person\/26a2622a4210130c7c9d4bd3d00f617d\",\"name\":\"johnmcglade150\",\"image\":{\"@type\":\"ImageObject\",\"inLanguage\":\"en-US\",\"@id\":\"https:\/\/marchingbandsireland.com\/#\/schema\/person\/image\/\",\"url\":\"https:\/\/secure.gravatar.com\/avatar\/979e9af104a71021e505c9a012ff3b37ecb062273885cec6058e097e00f35dc6?s=96&d=mm&r=g\",\"contentUrl\":\"https:\/\/secure.gravatar.com\/avatar\/979e9af104a71021e505c9a012ff3b37ecb062273885cec6058e097e00f35dc6?s=96&d=mm&r=g\",\"caption\":\"johnmcglade150\"},\"sameAs\":[\"https:\/\/marchingbandsireland.com\"],\"url\":\"https:\/\/marchingbandsireland.com\/index.php\/author\/johnmcglade150\/\"}]}<\/script>\n<!-- \/ Yoast SEO plugin. -->","yoast_head_json":{"title":"Preview: All Ireland Fleadh Marching Band Competition - Marching Bands Ireland","robots":{"index":"index","follow":"follow","max-snippet":"max-snippet:-1","max-image-preview":"max-image-preview:large","max-video-preview":"max-video-preview:-1"},"canonical":"https:\/\/marchingbandsireland.com\/index.php\/2023\/08\/10\/preview-all-ireland-fleadh-marching-band-competition-2\/","og_locale":"en_US","og_type":"article","og_title":"Preview: All Ireland Fleadh Marching Band Competition - Marching Bands Ireland","og_description":"We have previewed the competitors for each section of the competition on Sunday 30E Banna\u00ed M\u00e1irse\u00e1la, P\u00edb \u00b7**12:00 Clonoe independent","og_url":"https:\/\/marchingbandsireland.com\/index.php\/2023\/08\/10\/preview-all-ireland-fleadh-marching-band-competition-2\/","og_site_name":"Marching Bands Ireland","article_published_time":"2023-08-10T22:05:08+00:00","og_image":[{"width":2560,"height":1920,"url":"https:\/\/marchingbandsireland.com\/wp-content\/uploads\/2023\/08\/img_7165-scaled.jpg","type":"image\/jpeg"}],"author":"johnmcglade150","twitter_card":"summary_large_image","twitter_misc":{"Written by":"johnmcglade150","Est. reading time":"5 minutes"},"schema":{"@context":"https:\/\/schema.org","@graph":[{"@type":"Article","@id":"https:\/\/marchingbandsireland.com\/index.php\/2023\/08\/10\/preview-all-ireland-fleadh-marching-band-competition-2\/#article","isPartOf":{"@id":"https:\/\/marchingbandsireland.com\/index.php\/2023\/08\/10\/preview-all-ireland-fleadh-marching-band-competition-2\/"},"author":{"name":"johnmcglade150","@id":"https:\/\/marchingbandsireland.com\/#\/schema\/person\/26a2622a4210130c7c9d4bd3d00f617d"},"headline":"Preview: All Ireland Fleadh Marching Band Competition","datePublished":"2023-08-10T22:05:08+00:00","mainEntityOfPage":{"@id":"https:\/\/marchingbandsireland.com\/index.php\/2023\/08\/10\/preview-all-ireland-fleadh-marching-band-competition-2\/"},"wordCount":1053,"commentCount":0,"publisher":{"@id":"https:\/\/marchingbandsireland.com\/#organization"},"image":{"@id":"https:\/\/marchingbandsireland.com\/index.php\/2023\/08\/10\/preview-all-ireland-fleadh-marching-band-competition-2\/#primaryimage"},"thumbnailUrl":"https:\/\/marchingbandsireland.com\/wp-content\/uploads\/2023\/08\/img_7165-scaled.jpg","articleSection":["All Ireland Fleadh 2023"],"inLanguage":"en-US","potentialAction":[{"@type":"CommentAction","name":"Comment","target":["https:\/\/marchingbandsireland.com\/index.php\/2023\/08\/10\/preview-all-ireland-fleadh-marching-band-competition-2\/#respond"]}]},{"@type":"WebPage","@id":"https:\/\/marchingbandsireland.com\/index.php\/2023\/08\/10\/preview-all-ireland-fleadh-marching-band-competition-2\/","url":"https:\/\/marchingbandsireland.com\/index.php\/2023\/08\/10\/preview-all-ireland-fleadh-marching-band-competition-2\/","name":"Preview: All Ireland Fleadh Marching Band Competition - Marching Bands Ireland","isPartOf":{"@id":"https:\/\/marchingbandsireland.com\/#website"},"primaryImageOfPage":{"@id":"https:\/\/marchingbandsireland.com\/index.php\/2023\/08\/10\/preview-all-ireland-fleadh-marching-band-competition-2\/#primaryimage"},"image":{"@id":"https:\/\/marchingbandsireland.com\/index.php\/2023\/08\/10\/preview-all-ireland-fleadh-marching-band-competition-2\/#primaryimage"},"thumbnailUrl":"https:\/\/marchingbandsireland.com\/wp-content\/uploads\/2023\/08\/img_7165-scaled.jpg","datePublished":"2023-08-10T22:05:08+00:00","breadcrumb":{"@id":"https:\/\/marchingbandsireland.com\/index.php\/2023\/08\/10\/preview-all-ireland-fleadh-marching-band-competition-2\/#breadcrumb"},"inLanguage":"en-US","potentialAction":[{"@type":"ReadAction","target":["https:\/\/marchingbandsireland.com\/index.php\/2023\/08\/10\/preview-all-ireland-fleadh-marching-band-competition-2\/"]}]},{"@type":"ImageObject","inLanguage":"en-US","@id":"https:\/\/marchingbandsireland.com\/index.php\/2023\/08\/10\/preview-all-ireland-fleadh-marching-band-competition-2\/#primaryimage","url":"https:\/\/marchingbandsireland.com\/wp-content\/uploads\/2023\/08\/img_7165-scaled.jpg","contentUrl":"https:\/\/marchingbandsireland.com\/wp-content\/uploads\/2023\/08\/img_7165-scaled.jpg","width":2560,"height":1920},{"@type":"BreadcrumbList","@id":"https:\/\/marchingbandsireland.com\/index.php\/2023\/08\/10\/preview-all-ireland-fleadh-marching-band-competition-2\/#breadcrumb","itemListElement":[{"@type":"ListItem","position":1,"name":"Home","item":"https:\/\/marchingbandsireland.com\/"},{"@type":"ListItem","position":2,"name":"Preview: All Ireland Fleadh Marching Band Competition"}]},{"@type":"WebSite","@id":"https:\/\/marchingbandsireland.com\/#website","url":"https:\/\/marchingbandsireland.com\/","name":"Marching Bands Ireland","description":"","publisher":{"@id":"https:\/\/marchingbandsireland.com\/#organization"},"potentialAction":[{"@type":"SearchAction","target":{"@type":"EntryPoint","urlTemplate":"https:\/\/marchingbandsireland.com\/?s={search_term_string}"},"query-input":{"@type":"PropertyValueSpecification","valueRequired":true,"valueName":"search_term_string"}}],"inLanguage":"en-US"},{"@type":"Organization","@id":"https:\/\/marchingbandsireland.com\/#organization","name":"Marching Bands Ireland","url":"https:\/\/marchingbandsireland.com\/","logo":{"@type":"ImageObject","inLanguage":"en-US","@id":"https:\/\/marchingbandsireland.com\/#\/schema\/logo\/image\/","url":"https:\/\/marchingbandsireland.com\/wp-content\/uploads\/2019\/05\/cropped-cropped-cropped-cropped-screenshot-2019-05-15-at-18.28.12-1.png","contentUrl":"https:\/\/marchingbandsireland.com\/wp-content\/uploads\/2019\/05\/cropped-cropped-cropped-cropped-screenshot-2019-05-15-at-18.28.12-1.png","width":163,"height":90,"caption":"Marching Bands Ireland"},"image":{"@id":"https:\/\/marchingbandsireland.com\/#\/schema\/logo\/image\/"}},{"@type":"Person","@id":"https:\/\/marchingbandsireland.com\/#\/schema\/person\/26a2622a4210130c7c9d4bd3d00f617d","name":"johnmcglade150","image":{"@type":"ImageObject","inLanguage":"en-US","@id":"https:\/\/marchingbandsireland.com\/#\/schema\/person\/image\/","url":"https:\/\/secure.gravatar.com\/avatar\/979e9af104a71021e505c9a012ff3b37ecb062273885cec6058e097e00f35dc6?s=96&d=mm&r=g","contentUrl":"https:\/\/secure.gravatar.com\/avatar\/979e9af104a71021e505c9a012ff3b37ecb062273885cec6058e097e00f35dc6?s=96&d=mm&r=g","caption":"johnmcglade150"},"sameAs":["https:\/\/marchingbandsireland.com"],"url":"https:\/\/marchingbandsireland.com\/index.php\/author\/johnmcglade150\/"}]}},"jetpack_publicize_connections":[],"jetpack_featured_media_url":"https:\/\/marchingbandsireland.com\/wp-content\/uploads\/2023\/08\/img_7165-scaled.jpg","jetpack_sharing_enabled":true,"_links":{"self":[{"href":"https:\/\/marchingbandsireland.com\/index.php\/wp-json\/wp\/v2\/posts\/1991","targetHints":{"allow":["GET"]}}],"collection":[{"href":"https:\/\/marchingbandsireland.com\/index.php\/wp-json\/wp\/v2\/posts"}],"about":[{"href":"https:\/\/marchingbandsireland.com\/index.php\/wp-json\/wp\/v2\/types\/post"}],"author":[{"embeddable":true,"href":"https:\/\/marchingbandsireland.com\/index.php\/wp-json\/wp\/v2\/users\/1"}],"replies":[{"embeddable":true,"href":"https:\/\/marchingbandsireland.com\/index.php\/wp-json\/wp\/v2\/comments?post=1991"}],"version-history":[{"count":0,"href":"https:\/\/marchingbandsireland.com\/index.php\/wp-json\/wp\/v2\/posts\/1991\/revisions"}],"wp:featuredmedia":[{"embeddable":true,"href":"https:\/\/marchingbandsireland.com\/index.php\/wp-json\/wp\/v2\/media\/1914"}],"wp:attachment":[{"href":"https:\/\/marchingbandsireland.com\/index.php\/wp-json\/wp\/v2\/media?parent=1991"}],"wp:term":[{"taxonomy":"category","embeddable":true,"href":"https:\/\/marchingbandsireland.com\/index.php\/wp-json\/wp\/v2\/categories?post=1991"},{"taxonomy":"post_tag","embeddable":true,"href":"https:\/\/marchingbandsireland.com\/index.php\/wp-json\/wp\/v2\/tags?post=1991"}],"curies":[{"name":"wp","href":"https:\/\/api.w.org\/{rel}","templated":true}]}}