{"id":1979,"date":"2023-08-10T22:11:29","date_gmt":"2023-08-10T22:11:29","guid":{"rendered":"https:\/\/irishmarchingbandsmedia.wordpress.com\/?p=1979"},"modified":"2023-08-28T11:07:51","modified_gmt":"2023-08-28T11:07:51","slug":"everything-you-need-to-know-for-all-ireland-fleadh-marching-band-competition","status":"publish","type":"post","link":"https:\/\/marchingbandsireland.com\/index.php\/2023\/08\/10\/everything-you-need-to-know-for-all-ireland-fleadh-marching-band-competition\/","title":{"rendered":"Everything you need to know for All Ireland Fleadh Marching Band Competition"},"content":{"rendered":"\n<figure class=\"wp-block-image size-large\"><img decoding=\"async\" src=\"https:\/\/marchingbandsireland.com\/wp-content\/uploads\/2023\/08\/img_7402.jpg?w=1024\" alt=\"\" class=\"wp-image-2031\" \/><\/figure>\n\n\n\n<p>We have a handy guide of all the times and details of competitors<\/p>\n\n\n<ul class=\"wp-block-latest-posts__list is-grid columns-3 wp-block-latest-posts\"><li><a class=\"wp-block-latest-posts__post-title\" href=\"https:\/\/marchingbandsireland.com\/index.php\/2026\/03\/27\/ranafast-band-marks-50-years-of-music-tradition-and-community\/\">Ranafast Band Marks 50 Years of Music, Tradition and Community<\/a><\/li>\n<li><a class=\"wp-block-latest-posts__post-title\" href=\"https:\/\/marchingbandsireland.com\/index.php\/2026\/03\/16\/iconic-titanic-slipways-chosen-for-fleadh-marching-bands\/\">Iconic Titanic Slipways chosen to Host Fleadh Marching Bands<\/a><\/li>\n<\/ul>\n\n\n<ol><li><a class=\"wp-block-table-of-contents__entry\" href=\"https:\/\/irishmarchingbandsmedia.wordpress.com\/2023\/08\/10\/everything-you-need-to-know-for-all-ireland-fleadh-marching-band-competition\/#venue-ceg-cusack-park\">Venue &#8211; CEG Cusack Park<\/a><\/li><li><a class=\"wp-block-table-of-contents__entry\" href=\"https:\/\/irishmarchingbandsmedia.wordpress.com\/2023\/08\/10\/everything-you-need-to-know-for-all-ireland-fleadh-marching-band-competition\/#weather-forecast\">Weather Forecast<\/a><\/li><li><a class=\"wp-block-table-of-contents__entry\" href=\"https:\/\/irishmarchingbandsmedia.wordpress.com\/2023\/08\/10\/everything-you-need-to-know-for-all-ireland-fleadh-marching-band-competition\/#schedule-for-sunday\">Competition Times<\/a><ol><li><a class=\"wp-block-table-of-contents__entry\" href=\"https:\/\/irishmarchingbandsmedia.wordpress.com\/2023\/08\/10\/everything-you-need-to-know-for-all-ireland-fleadh-marching-band-competition\/#30e-bannai-mairseala-pib\">30E Banna\u00ed M\u00e1irse\u00e1la, P\u00edb<\/a><\/li><li><a class=\"wp-block-table-of-contents__entry\" href=\"https:\/\/irishmarchingbandsmedia.wordpress.com\/2023\/08\/10\/everything-you-need-to-know-for-all-ireland-fleadh-marching-band-competition\/#27d-bannai-mairseala-feadog-mhor-o18\">27D Banna\u00ed M\u00e1irse\u00e1la, Fead\u00f3g Mh\u00f3r O18<\/a><\/li><li><a class=\"wp-block-table-of-contents__entry\" href=\"https:\/\/irishmarchingbandsmedia.wordpress.com\/2023\/08\/10\/everything-you-need-to-know-for-all-ireland-fleadh-marching-band-competition\/#28d-bannai-mairseala-feadog-mhor-o18\">28D Banna\u00ed M\u00e1irse\u00e1la, Fead\u00f3g Mh\u00f3r O18<\/a><\/li><li><a class=\"wp-block-table-of-contents__entry\" href=\"https:\/\/irishmarchingbandsmedia.wordpress.com\/2023\/08\/10\/everything-you-need-to-know-for-all-ireland-fleadh-marching-band-competition\/#29f-bannai-mairseala-rogha-ghleas-u18\">29F Banna\u00ed M\u00e1irse\u00e1la,Rogha Ghl\u00e9as U18<\/a><\/li><li><a class=\"wp-block-table-of-contents__entry\" href=\"https:\/\/irishmarchingbandsmedia.wordpress.com\/2023\/08\/10\/everything-you-need-to-know-for-all-ireland-fleadh-marching-band-competition\/#29f-bannai-mairseala-rogha-ghleas-o18\">29F Banna\u00ed M\u00e1irse\u00e1la,Rogha Ghl\u00e9as O18<\/a><\/li><\/ol><\/li><li><a class=\"wp-block-table-of-contents__entry\" href=\"https:\/\/irishmarchingbandsmedia.wordpress.com\/2023\/08\/10\/everything-you-need-to-know-for-all-ireland-fleadh-marching-band-competition\/#16-00-results\">16:00 Results<\/a><\/li><li><a class=\"wp-block-table-of-contents__entry\" href=\"https:\/\/irishmarchingbandsmedia.wordpress.com\/2023\/08\/10\/everything-you-need-to-know-for-all-ireland-fleadh-marching-band-competition\/#16-30-parade\">16:30 Parade<\/a><\/li><li><a class=\"wp-block-table-of-contents__entry\" href=\"https:\/\/irishmarchingbandsmedia.wordpress.com\/2023\/08\/10\/everything-you-need-to-know-for-all-ireland-fleadh-marching-band-competition\/#countdown\">Countdown<\/a><\/li><\/ol>\n\n\n\n<p><\/p>\n\n\n\n<h2 class=\"wp-block-heading\" id=\"venue-ceg-cusack-park\">Venue &#8211; CEG Cusack Park<\/h2>\n\n\n\n<p>Entry to the fully seated and covered viewing stand in Cusack Park is free of charge.<\/p>\n\n\n\n<p>Disabled parking is available in the ESB Carpark opposite the venue.<\/p>\n\n\n\n<div class=\"wp-block-jetpack-map\" data-map-id=\"jp-map-1\" data-map-provider=\"mapbox\" data-api-key=\"\" data-map-style=\"default\"><ul><li><a href=\"https:\/\/www.google.com\/maps\/search\/?api=1&amp;query=53.527435302734375,-7.337734699249268\">Cusack Park, <\/a><\/li><\/ul><\/div>\n\n\n\n<h2 class=\"wp-block-heading\" id=\"weather-forecast\">Weather Forecast<\/h2>\n\n\n\n<p>It will leave the stadium at approximately 4.30 and proceed down castle street.<\/p>\n\n\n\n<figure class=\"wp-block-image size-large\"><img loading=\"lazy\" decoding=\"async\" width=\"674\" height=\"365\" src=\"https:\/\/marchingbandsireland.com\/wp-content\/uploads\/2023\/08\/screenshot-2023-08-10-at-23.19.40.png?w=674\" alt=\"\" class=\"wp-image-2024\" srcset=\"https:\/\/marchingbandsireland.com\/wp-content\/uploads\/2023\/08\/screenshot-2023-08-10-at-23.19.40.png 674w, https:\/\/marchingbandsireland.com\/wp-content\/uploads\/2023\/08\/screenshot-2023-08-10-at-23.19.40-300x162.png 300w\" sizes=\"auto, (max-width: 674px) 100vw, 674px\" \/><\/figure>\n\n\n\n<h2 class=\"wp-block-heading\" id=\"schedule-for-sunday\">Competition Times<\/h2>\n\n\n\n<p>*All times are approximate and subject to change on the day.<\/p>\n\n\n\n<h4 class=\"wp-block-heading\" id=\"30e-bannai-mairseala-pib\">30E Banna\u00ed M\u00e1irse\u00e1la, P\u00edb<\/h4>\n\n\n\n<p>\u00b7**12:00 Clonoe independent Pipe Band<\/p>\n\n\n\n<p>\u00b7**12:15 Letterkenny &amp; District Pipe Band<\/p>\n\n\n\n<h4 class=\"wp-block-heading\" id=\"27d-bannai-mairseala-feadog-mhor-o18\">27D Banna\u00ed M\u00e1irse\u00e1la, Fead\u00f3g Mh\u00f3r O18<\/h4>\n\n\n\n<p>\u00b7**14:00 Kenstown and Senchelstown Marching Band<\/p>\n\n\n\n<h4 class=\"wp-block-heading\" id=\"28d-bannai-mairseala-feadog-mhor-o18\">28D Banna\u00ed M\u00e1irse\u00e1la, Fead\u00f3g Mh\u00f3r O18<\/h4>\n\n\n\n<p>**14:15 Bu\u00edon Ceoil an Mhacaire<\/p>\n\n\n\n<p>**14:30 Maghery Fife &amp; Drum<\/p>\n\n\n\n<h4 class=\"wp-block-heading\" id=\"29f-bannai-mairseala-rogha-ghleas-u18\">29F Banna\u00ed M\u00e1irse\u00e1la,Rogha Ghl\u00e9as U18<\/h4>\n\n\n\n<p>**14:45 St Louis Irish Arts<\/p>\n\n\n\n<p>**15:00 St Kevins<\/p>\n\n\n\n<p>**15:15 Banna Cheoil Cloich Cheann Fhaola<\/p>\n\n\n\n<h4 class=\"wp-block-heading\" id=\"29f-bannai-mairseala-rogha-ghleas-o18\">29F Banna\u00ed M\u00e1irse\u00e1la,Rogha Ghl\u00e9as O18<\/h4>\n\n\n\n<p>**15:30 Mullingar Town band<\/p>\n\n\n\n<p>**15:45 Banna Cheoil Cloich Cheann Fhaola<\/p>\n\n\n\n<h2 class=\"wp-block-heading\" id=\"16-00-results\">16:00 Results<\/h2>\n\n\n\n<h2 class=\"wp-block-heading\" id=\"16-30-parade\">16:30 Parade<\/h2>\n\n\n\n<p>It is currently forecasting rain so bring umbrellas!<\/p>\n\n\n\n<h2 class=\"wp-block-heading\" id=\"countdown\">Countdown<\/h2>\n\n\n\n<div class=\"wp-block-group is-layout-constrained wp-block-group-is-layout-constrained\">\n<div class=\"wp-block-columns has-pale-ocean-gradient-background has-background has-black-color has-text-color has-link-color has-small-font-size wp-elements-77798a36ab9089dc310705818409bd98 is-layout-flex wp-container-core-columns-is-layout-9a01b68c wp-block-columns-is-layout-flex\">\n<div class=\"wp-block-column has-josefin-sans-font-family has-small-font-size is-layout-flow wp-block-column-is-layout-flow\" style=\"flex-basis:100%\">\n<div class=\"wp-block-jetpack-event-countdown\"><div class=\"event-countdown__date\">1691924400<\/div><div class=\"event-countdown__counter\"><p><strong class=\"event-countdown__day\">&nbsp;<\/strong> days<\/p><p><span><strong class=\"event-countdown__hour\">&nbsp;<\/strong> hours<\/span><span><strong class=\"event-countdown__minute\">&nbsp;<\/strong> minutes<\/span><span><strong class=\"event-countdown__second\">&nbsp;<\/strong> seconds<\/span><\/p><p>until<\/p><\/div><div class=\"event-countdown__event-title\"><p>All Ireland Fleadh Marching Bands Compeition<\/p><\/div><\/div>\n<\/div>\n<\/div>\n<\/div>\n","protected":false},"excerpt":{"rendered":"<p>We have a handy guide of all the times and details of competitors Venue &#8211; CEG Cusack Park Entry to<\/p>\n","protected":false},"author":1,"featured_media":2218,"comment_status":"open","ping_status":"open","sticky":false,"template":"","format":"standard","meta":{"colormag_page_container_layout":"default_layout","colormag_page_sidebar_layout":"default_layout","jetpack_post_was_ever_published":false,"_jetpack_newsletter_access":"","_jetpack_dont_email_post_to_subs":false,"_jetpack_newsletter_tier_id":0,"_jetpack_memberships_contains_paywalled_content":false,"_jetpack_memberships_contains_paid_content":false,"footnotes":"","jetpack_publicize_message":"","jetpack_publicize_feature_enabled":true,"jetpack_social_post_already_shared":false,"jetpack_social_options":{"image_generator_settings":{"template":"highway","default_image_id":0,"font":"","enabled":false},"version":2}},"categories":[3],"tags":[],"class_list":["post-1979","post","type-post","status-publish","format-standard","has-post-thumbnail","hentry","category-all-ireland-fleadh-2023"],"yoast_head":"<!-- This site is optimized with the Yoast SEO plugin v27.1.1 - https:\/\/yoast.com\/product\/yoast-seo-wordpress\/ -->\n<title>Everything you need to know for All Ireland Fleadh Marching Band Competition - Marching Bands Ireland<\/title>\n<meta name=\"robots\" content=\"index, follow, max-snippet:-1, max-image-preview:large, max-video-preview:-1\" \/>\n<link rel=\"canonical\" href=\"https:\/\/marchingbandsireland.com\/index.php\/2023\/08\/10\/everything-you-need-to-know-for-all-ireland-fleadh-marching-band-competition\/\" \/>\n<meta property=\"og:locale\" content=\"en_US\" \/>\n<meta property=\"og:type\" content=\"article\" \/>\n<meta property=\"og:title\" content=\"Everything you need to know for All Ireland Fleadh Marching Band Competition - Marching Bands Ireland\" \/>\n<meta property=\"og:description\" content=\"We have a handy guide of all the times and details of competitors Venue &#8211; CEG Cusack Park Entry to\" \/>\n<meta property=\"og:url\" content=\"https:\/\/marchingbandsireland.com\/index.php\/2023\/08\/10\/everything-you-need-to-know-for-all-ireland-fleadh-marching-band-competition\/\" \/>\n<meta property=\"og:site_name\" content=\"Marching Bands Ireland\" \/>\n<meta property=\"article:published_time\" content=\"2023-08-10T22:11:29+00:00\" \/>\n<meta property=\"article:modified_time\" content=\"2023-08-28T11:07:51+00:00\" \/>\n<meta property=\"og:image\" content=\"https:\/\/marchingbandsireland.com\/wp-content\/uploads\/2023\/08\/img_7566-2.jpg\" \/>\n\t<meta property=\"og:image:width\" content=\"2048\" \/>\n\t<meta property=\"og:image:height\" content=\"1365\" \/>\n\t<meta property=\"og:image:type\" content=\"image\/jpeg\" \/>\n<meta name=\"author\" content=\"johnmcglade150\" \/>\n<meta name=\"twitter:card\" content=\"summary_large_image\" \/>\n<meta name=\"twitter:label1\" content=\"Written by\" \/>\n\t<meta name=\"twitter:data1\" content=\"johnmcglade150\" \/>\n\t<meta name=\"twitter:label2\" content=\"Est. reading time\" \/>\n\t<meta name=\"twitter:data2\" content=\"1 minute\" \/>\n<script type=\"application\/ld+json\" class=\"yoast-schema-graph\">{\"@context\":\"https:\/\/schema.org\",\"@graph\":[{\"@type\":\"Article\",\"@id\":\"https:\/\/marchingbandsireland.com\/index.php\/2023\/08\/10\/everything-you-need-to-know-for-all-ireland-fleadh-marching-band-competition\/#article\",\"isPartOf\":{\"@id\":\"https:\/\/marchingbandsireland.com\/index.php\/2023\/08\/10\/everything-you-need-to-know-for-all-ireland-fleadh-marching-band-competition\/\"},\"author\":{\"name\":\"johnmcglade150\",\"@id\":\"https:\/\/marchingbandsireland.com\/#\/schema\/person\/26a2622a4210130c7c9d4bd3d00f617d\"},\"headline\":\"Everything you need to know for All Ireland Fleadh Marching Band Competition\",\"datePublished\":\"2023-08-10T22:11:29+00:00\",\"dateModified\":\"2023-08-28T11:07:51+00:00\",\"mainEntityOfPage\":{\"@id\":\"https:\/\/marchingbandsireland.com\/index.php\/2023\/08\/10\/everything-you-need-to-know-for-all-ireland-fleadh-marching-band-competition\/\"},\"wordCount\":256,\"commentCount\":0,\"publisher\":{\"@id\":\"https:\/\/marchingbandsireland.com\/#organization\"},\"image\":{\"@id\":\"https:\/\/marchingbandsireland.com\/index.php\/2023\/08\/10\/everything-you-need-to-know-for-all-ireland-fleadh-marching-band-competition\/#primaryimage\"},\"thumbnailUrl\":\"https:\/\/marchingbandsireland.com\/wp-content\/uploads\/2023\/08\/img_7566-2.jpg\",\"articleSection\":[\"All Ireland Fleadh 2023\"],\"inLanguage\":\"en-US\",\"potentialAction\":[{\"@type\":\"CommentAction\",\"name\":\"Comment\",\"target\":[\"https:\/\/marchingbandsireland.com\/index.php\/2023\/08\/10\/everything-you-need-to-know-for-all-ireland-fleadh-marching-band-competition\/#respond\"]}]},{\"@type\":\"WebPage\",\"@id\":\"https:\/\/marchingbandsireland.com\/index.php\/2023\/08\/10\/everything-you-need-to-know-for-all-ireland-fleadh-marching-band-competition\/\",\"url\":\"https:\/\/marchingbandsireland.com\/index.php\/2023\/08\/10\/everything-you-need-to-know-for-all-ireland-fleadh-marching-band-competition\/\",\"name\":\"Everything you need to know for All Ireland Fleadh Marching Band Competition - Marching Bands Ireland\",\"isPartOf\":{\"@id\":\"https:\/\/marchingbandsireland.com\/#website\"},\"primaryImageOfPage\":{\"@id\":\"https:\/\/marchingbandsireland.com\/index.php\/2023\/08\/10\/everything-you-need-to-know-for-all-ireland-fleadh-marching-band-competition\/#primaryimage\"},\"image\":{\"@id\":\"https:\/\/marchingbandsireland.com\/index.php\/2023\/08\/10\/everything-you-need-to-know-for-all-ireland-fleadh-marching-band-competition\/#primaryimage\"},\"thumbnailUrl\":\"https:\/\/marchingbandsireland.com\/wp-content\/uploads\/2023\/08\/img_7566-2.jpg\",\"datePublished\":\"2023-08-10T22:11:29+00:00\",\"dateModified\":\"2023-08-28T11:07:51+00:00\",\"breadcrumb\":{\"@id\":\"https:\/\/marchingbandsireland.com\/index.php\/2023\/08\/10\/everything-you-need-to-know-for-all-ireland-fleadh-marching-band-competition\/#breadcrumb\"},\"inLanguage\":\"en-US\",\"potentialAction\":[{\"@type\":\"ReadAction\",\"target\":[\"https:\/\/marchingbandsireland.com\/index.php\/2023\/08\/10\/everything-you-need-to-know-for-all-ireland-fleadh-marching-band-competition\/\"]}]},{\"@type\":\"ImageObject\",\"inLanguage\":\"en-US\",\"@id\":\"https:\/\/marchingbandsireland.com\/index.php\/2023\/08\/10\/everything-you-need-to-know-for-all-ireland-fleadh-marching-band-competition\/#primaryimage\",\"url\":\"https:\/\/marchingbandsireland.com\/wp-content\/uploads\/2023\/08\/img_7566-2.jpg\",\"contentUrl\":\"https:\/\/marchingbandsireland.com\/wp-content\/uploads\/2023\/08\/img_7566-2.jpg\",\"width\":2048,\"height\":1365},{\"@type\":\"BreadcrumbList\",\"@id\":\"https:\/\/marchingbandsireland.com\/index.php\/2023\/08\/10\/everything-you-need-to-know-for-all-ireland-fleadh-marching-band-competition\/#breadcrumb\",\"itemListElement\":[{\"@type\":\"ListItem\",\"position\":1,\"name\":\"Home\",\"item\":\"https:\/\/marchingbandsireland.com\/\"},{\"@type\":\"ListItem\",\"position\":2,\"name\":\"Everything you need to know for All Ireland Fleadh Marching Band Competition\"}]},{\"@type\":\"WebSite\",\"@id\":\"https:\/\/marchingbandsireland.com\/#website\",\"url\":\"https:\/\/marchingbandsireland.com\/\",\"name\":\"Marching Bands Ireland\",\"description\":\"\",\"publisher\":{\"@id\":\"https:\/\/marchingbandsireland.com\/#organization\"},\"potentialAction\":[{\"@type\":\"SearchAction\",\"target\":{\"@type\":\"EntryPoint\",\"urlTemplate\":\"https:\/\/marchingbandsireland.com\/?s={search_term_string}\"},\"query-input\":{\"@type\":\"PropertyValueSpecification\",\"valueRequired\":true,\"valueName\":\"search_term_string\"}}],\"inLanguage\":\"en-US\"},{\"@type\":\"Organization\",\"@id\":\"https:\/\/marchingbandsireland.com\/#organization\",\"name\":\"Marching Bands Ireland\",\"url\":\"https:\/\/marchingbandsireland.com\/\",\"logo\":{\"@type\":\"ImageObject\",\"inLanguage\":\"en-US\",\"@id\":\"https:\/\/marchingbandsireland.com\/#\/schema\/logo\/image\/\",\"url\":\"https:\/\/marchingbandsireland.com\/wp-content\/uploads\/2019\/05\/cropped-cropped-cropped-cropped-screenshot-2019-05-15-at-18.28.12-1.png\",\"contentUrl\":\"https:\/\/marchingbandsireland.com\/wp-content\/uploads\/2019\/05\/cropped-cropped-cropped-cropped-screenshot-2019-05-15-at-18.28.12-1.png\",\"width\":163,\"height\":90,\"caption\":\"Marching Bands Ireland\"},\"image\":{\"@id\":\"https:\/\/marchingbandsireland.com\/#\/schema\/logo\/image\/\"}},{\"@type\":\"Person\",\"@id\":\"https:\/\/marchingbandsireland.com\/#\/schema\/person\/26a2622a4210130c7c9d4bd3d00f617d\",\"name\":\"johnmcglade150\",\"image\":{\"@type\":\"ImageObject\",\"inLanguage\":\"en-US\",\"@id\":\"https:\/\/marchingbandsireland.com\/#\/schema\/person\/image\/\",\"url\":\"https:\/\/secure.gravatar.com\/avatar\/979e9af104a71021e505c9a012ff3b37ecb062273885cec6058e097e00f35dc6?s=96&d=mm&r=g\",\"contentUrl\":\"https:\/\/secure.gravatar.com\/avatar\/979e9af104a71021e505c9a012ff3b37ecb062273885cec6058e097e00f35dc6?s=96&d=mm&r=g\",\"caption\":\"johnmcglade150\"},\"sameAs\":[\"https:\/\/marchingbandsireland.com\"],\"url\":\"https:\/\/marchingbandsireland.com\/index.php\/author\/johnmcglade150\/\"}]}<\/script>\n<!-- \/ Yoast SEO plugin. -->","yoast_head_json":{"title":"Everything you need to know for All Ireland Fleadh Marching Band Competition - Marching Bands Ireland","robots":{"index":"index","follow":"follow","max-snippet":"max-snippet:-1","max-image-preview":"max-image-preview:large","max-video-preview":"max-video-preview:-1"},"canonical":"https:\/\/marchingbandsireland.com\/index.php\/2023\/08\/10\/everything-you-need-to-know-for-all-ireland-fleadh-marching-band-competition\/","og_locale":"en_US","og_type":"article","og_title":"Everything you need to know for All Ireland Fleadh Marching Band Competition - Marching Bands Ireland","og_description":"We have a handy guide of all the times and details of competitors Venue &#8211; CEG Cusack Park Entry to","og_url":"https:\/\/marchingbandsireland.com\/index.php\/2023\/08\/10\/everything-you-need-to-know-for-all-ireland-fleadh-marching-band-competition\/","og_site_name":"Marching Bands Ireland","article_published_time":"2023-08-10T22:11:29+00:00","article_modified_time":"2023-08-28T11:07:51+00:00","og_image":[{"width":2048,"height":1365,"url":"https:\/\/marchingbandsireland.com\/wp-content\/uploads\/2023\/08\/img_7566-2.jpg","type":"image\/jpeg"}],"author":"johnmcglade150","twitter_card":"summary_large_image","twitter_misc":{"Written by":"johnmcglade150","Est. reading time":"1 minute"},"schema":{"@context":"https:\/\/schema.org","@graph":[{"@type":"Article","@id":"https:\/\/marchingbandsireland.com\/index.php\/2023\/08\/10\/everything-you-need-to-know-for-all-ireland-fleadh-marching-band-competition\/#article","isPartOf":{"@id":"https:\/\/marchingbandsireland.com\/index.php\/2023\/08\/10\/everything-you-need-to-know-for-all-ireland-fleadh-marching-band-competition\/"},"author":{"name":"johnmcglade150","@id":"https:\/\/marchingbandsireland.com\/#\/schema\/person\/26a2622a4210130c7c9d4bd3d00f617d"},"headline":"Everything you need to know for All Ireland Fleadh Marching Band Competition","datePublished":"2023-08-10T22:11:29+00:00","dateModified":"2023-08-28T11:07:51+00:00","mainEntityOfPage":{"@id":"https:\/\/marchingbandsireland.com\/index.php\/2023\/08\/10\/everything-you-need-to-know-for-all-ireland-fleadh-marching-band-competition\/"},"wordCount":256,"commentCount":0,"publisher":{"@id":"https:\/\/marchingbandsireland.com\/#organization"},"image":{"@id":"https:\/\/marchingbandsireland.com\/index.php\/2023\/08\/10\/everything-you-need-to-know-for-all-ireland-fleadh-marching-band-competition\/#primaryimage"},"thumbnailUrl":"https:\/\/marchingbandsireland.com\/wp-content\/uploads\/2023\/08\/img_7566-2.jpg","articleSection":["All Ireland Fleadh 2023"],"inLanguage":"en-US","potentialAction":[{"@type":"CommentAction","name":"Comment","target":["https:\/\/marchingbandsireland.com\/index.php\/2023\/08\/10\/everything-you-need-to-know-for-all-ireland-fleadh-marching-band-competition\/#respond"]}]},{"@type":"WebPage","@id":"https:\/\/marchingbandsireland.com\/index.php\/2023\/08\/10\/everything-you-need-to-know-for-all-ireland-fleadh-marching-band-competition\/","url":"https:\/\/marchingbandsireland.com\/index.php\/2023\/08\/10\/everything-you-need-to-know-for-all-ireland-fleadh-marching-band-competition\/","name":"Everything you need to know for All Ireland Fleadh Marching Band Competition - Marching Bands Ireland","isPartOf":{"@id":"https:\/\/marchingbandsireland.com\/#website"},"primaryImageOfPage":{"@id":"https:\/\/marchingbandsireland.com\/index.php\/2023\/08\/10\/everything-you-need-to-know-for-all-ireland-fleadh-marching-band-competition\/#primaryimage"},"image":{"@id":"https:\/\/marchingbandsireland.com\/index.php\/2023\/08\/10\/everything-you-need-to-know-for-all-ireland-fleadh-marching-band-competition\/#primaryimage"},"thumbnailUrl":"https:\/\/marchingbandsireland.com\/wp-content\/uploads\/2023\/08\/img_7566-2.jpg","datePublished":"2023-08-10T22:11:29+00:00","dateModified":"2023-08-28T11:07:51+00:00","breadcrumb":{"@id":"https:\/\/marchingbandsireland.com\/index.php\/2023\/08\/10\/everything-you-need-to-know-for-all-ireland-fleadh-marching-band-competition\/#breadcrumb"},"inLanguage":"en-US","potentialAction":[{"@type":"ReadAction","target":["https:\/\/marchingbandsireland.com\/index.php\/2023\/08\/10\/everything-you-need-to-know-for-all-ireland-fleadh-marching-band-competition\/"]}]},{"@type":"ImageObject","inLanguage":"en-US","@id":"https:\/\/marchingbandsireland.com\/index.php\/2023\/08\/10\/everything-you-need-to-know-for-all-ireland-fleadh-marching-band-competition\/#primaryimage","url":"https:\/\/marchingbandsireland.com\/wp-content\/uploads\/2023\/08\/img_7566-2.jpg","contentUrl":"https:\/\/marchingbandsireland.com\/wp-content\/uploads\/2023\/08\/img_7566-2.jpg","width":2048,"height":1365},{"@type":"BreadcrumbList","@id":"https:\/\/marchingbandsireland.com\/index.php\/2023\/08\/10\/everything-you-need-to-know-for-all-ireland-fleadh-marching-band-competition\/#breadcrumb","itemListElement":[{"@type":"ListItem","position":1,"name":"Home","item":"https:\/\/marchingbandsireland.com\/"},{"@type":"ListItem","position":2,"name":"Everything you need to know for All Ireland Fleadh Marching Band Competition"}]},{"@type":"WebSite","@id":"https:\/\/marchingbandsireland.com\/#website","url":"https:\/\/marchingbandsireland.com\/","name":"Marching Bands Ireland","description":"","publisher":{"@id":"https:\/\/marchingbandsireland.com\/#organization"},"potentialAction":[{"@type":"SearchAction","target":{"@type":"EntryPoint","urlTemplate":"https:\/\/marchingbandsireland.com\/?s={search_term_string}"},"query-input":{"@type":"PropertyValueSpecification","valueRequired":true,"valueName":"search_term_string"}}],"inLanguage":"en-US"},{"@type":"Organization","@id":"https:\/\/marchingbandsireland.com\/#organization","name":"Marching Bands Ireland","url":"https:\/\/marchingbandsireland.com\/","logo":{"@type":"ImageObject","inLanguage":"en-US","@id":"https:\/\/marchingbandsireland.com\/#\/schema\/logo\/image\/","url":"https:\/\/marchingbandsireland.com\/wp-content\/uploads\/2019\/05\/cropped-cropped-cropped-cropped-screenshot-2019-05-15-at-18.28.12-1.png","contentUrl":"https:\/\/marchingbandsireland.com\/wp-content\/uploads\/2019\/05\/cropped-cropped-cropped-cropped-screenshot-2019-05-15-at-18.28.12-1.png","width":163,"height":90,"caption":"Marching Bands Ireland"},"image":{"@id":"https:\/\/marchingbandsireland.com\/#\/schema\/logo\/image\/"}},{"@type":"Person","@id":"https:\/\/marchingbandsireland.com\/#\/schema\/person\/26a2622a4210130c7c9d4bd3d00f617d","name":"johnmcglade150","image":{"@type":"ImageObject","inLanguage":"en-US","@id":"https:\/\/marchingbandsireland.com\/#\/schema\/person\/image\/","url":"https:\/\/secure.gravatar.com\/avatar\/979e9af104a71021e505c9a012ff3b37ecb062273885cec6058e097e00f35dc6?s=96&d=mm&r=g","contentUrl":"https:\/\/secure.gravatar.com\/avatar\/979e9af104a71021e505c9a012ff3b37ecb062273885cec6058e097e00f35dc6?s=96&d=mm&r=g","caption":"johnmcglade150"},"sameAs":["https:\/\/marchingbandsireland.com"],"url":"https:\/\/marchingbandsireland.com\/index.php\/author\/johnmcglade150\/"}]}},"jetpack_publicize_connections":[],"jetpack_featured_media_url":"https:\/\/marchingbandsireland.com\/wp-content\/uploads\/2023\/08\/img_7566-2.jpg","jetpack_sharing_enabled":true,"_links":{"self":[{"href":"https:\/\/marchingbandsireland.com\/index.php\/wp-json\/wp\/v2\/posts\/1979","targetHints":{"allow":["GET"]}}],"collection":[{"href":"https:\/\/marchingbandsireland.com\/index.php\/wp-json\/wp\/v2\/posts"}],"about":[{"href":"https:\/\/marchingbandsireland.com\/index.php\/wp-json\/wp\/v2\/types\/post"}],"author":[{"embeddable":true,"href":"https:\/\/marchingbandsireland.com\/index.php\/wp-json\/wp\/v2\/users\/1"}],"replies":[{"embeddable":true,"href":"https:\/\/marchingbandsireland.com\/index.php\/wp-json\/wp\/v2\/comments?post=1979"}],"version-history":[{"count":1,"href":"https:\/\/marchingbandsireland.com\/index.php\/wp-json\/wp\/v2\/posts\/1979\/revisions"}],"predecessor-version":[{"id":2219,"href":"https:\/\/marchingbandsireland.com\/index.php\/wp-json\/wp\/v2\/posts\/1979\/revisions\/2219"}],"wp:featuredmedia":[{"embeddable":true,"href":"https:\/\/marchingbandsireland.com\/index.php\/wp-json\/wp\/v2\/media\/2218"}],"wp:attachment":[{"href":"https:\/\/marchingbandsireland.com\/index.php\/wp-json\/wp\/v2\/media?parent=1979"}],"wp:term":[{"taxonomy":"category","embeddable":true,"href":"https:\/\/marchingbandsireland.com\/index.php\/wp-json\/wp\/v2\/categories?post=1979"},{"taxonomy":"post_tag","embeddable":true,"href":"https:\/\/marchingbandsireland.com\/index.php\/wp-json\/wp\/v2\/tags?post=1979"}],"curies":[{"name":"wp","href":"https:\/\/api.w.org\/{rel}","templated":true}]}}