{"id":1967,"date":"2023-03-11T17:36:00","date_gmt":"2023-03-11T17:36:00","guid":{"rendered":"https:\/\/irishmarchingbandsmedia.wordpress.com\/?p=1967"},"modified":"2023-03-11T17:36:00","modified_gmt":"2023-03-11T17:36:00","slug":"wexford-town-will-host-fleadh-cheoil-2024","status":"publish","type":"post","link":"https:\/\/marchingbandsireland.com\/index.php\/2023\/03\/11\/wexford-town-will-host-fleadh-cheoil-2024\/","title":{"rendered":"Wexford Town will Host Fleadh Cheoil 2024"},"content":{"rendered":"\n<p>Wexford has been chosen to host the 2024 Fleadh Cheoil na h\u00c9ireann, it was announced today by Comhaltas Ceolt\u00f3ir\u00ed \u00c9ireann (CC\u00c9).<\/p>\n\n\n\n<figure class=\"wp-block-image size-large\"><img loading=\"lazy\" decoding=\"async\" width=\"634\" height=\"352\" src=\"https:\/\/marchingbandsireland.com\/wp-content\/uploads\/2023\/08\/screenshot-2023-08-10-at-17.36.13-1.png?w=634\" alt=\"\" class=\"wp-image-1971\" srcset=\"https:\/\/marchingbandsireland.com\/wp-content\/uploads\/2023\/08\/screenshot-2023-08-10-at-17.36.13-1.png 634w, https:\/\/marchingbandsireland.com\/wp-content\/uploads\/2023\/08\/screenshot-2023-08-10-at-17.36.13-1-300x167.png 300w\" sizes=\"auto, (max-width: 634px) 100vw, 634px\" \/><\/figure>\n\n\n\n<p>It will be the fifth time the southeast county has hosted the popular festival, which is the world\u2019s largest celebration of Irish trad music, language, songs and dance. Approximately, 500,000 people attend the Fleadh Cheoil each year, which will be held in Mullingar this year for the second year in a row.<\/p>\n\n\n\n<p>The last time the Fleadh Cheoil was held in Co Wexford was in 2000, in Enniscorthy.<\/p>\n\n\n\n<p>The announcement was made following today\u2019s meeting of Comhaltas Ceolt\u00f3ir\u00ed \u00c9ireann (CC\u00c9) Ard Comhairle at Cult\u00farlann na h\u00c9ireann, Monkstown, Co. Dublin.<\/p>\n\n\n\n<p>Mr Paddy Berry, President of Craobh Local Garman added, \u201cI have attended over 60 Fleadh Cheoil in my time and I will now realise my dream of filling the streets of Wexford with Irish traditional music, culture, song and dance in 2024. I know that the passion and enthusiasm of our Bid team, Wexford County Council and our partners in the local community will make the Wexford Fleadh a huge success\u201d.<\/p>\n\n\n\n<p>Barbara Walsh, Chairperson of Craobh Loch Garman Comhaltas, thanked the members of the Ard Comhairle for selecting Wexford to host this wonderful event, saying:\u201c We are thrilled, honoured and humbled by the successful vote we have received from the Ard Comhairle of Comhaltas, both for our town and in the members of our voluntary bid committee who have put in a huge amount of work to help us achieve this result today.<\/p>\n\n\n\n<p>The 2024 Fleadh will take place from August 4th to 11th 2024.<\/p>\n\n\n\n<p>Comhaltas commended the strong applications received from both Wexford and Belfast and congratulated Wexford on securing the event.<\/p>\n\n\n\n<p>Welcoming the news, Cathaoirleach of Wexford County Council, Cllr George Lawlor, said: \u201cI want to wholeheartedly congratulate the bid team, our business and community partners in Wexford and beyond, who have strongly supported our efforts in securing this fantastic event for our town.\u201d<\/p>\n","protected":false},"excerpt":{"rendered":"<p>Wexford has been chosen to host the 2024 Fleadh Cheoil na h\u00c9ireann, it was announced today by Comhaltas Ceolt\u00f3ir\u00ed \u00c9ireann<\/p>\n","protected":false},"author":1,"featured_media":0,"comment_status":"open","ping_status":"open","sticky":false,"template":"","format":"standard","meta":{"colormag_page_container_layout":"default_layout","colormag_page_sidebar_layout":"default_layout","jetpack_post_was_ever_published":false,"_jetpack_newsletter_access":"","_jetpack_dont_email_post_to_subs":false,"_jetpack_newsletter_tier_id":0,"_jetpack_memberships_contains_paywalled_content":false,"_jetpack_memberships_contains_paid_content":false,"footnotes":"","jetpack_publicize_message":"","jetpack_publicize_feature_enabled":true,"jetpack_social_post_already_shared":false,"jetpack_social_options":{"image_generator_settings":{"template":"highway","default_image_id":0,"font":"","enabled":false},"version":2}},"categories":[15],"tags":[],"class_list":["post-1967","post","type-post","status-publish","format-standard","hentry","category-marching-bands"],"yoast_head":"<!-- This site is optimized with the Yoast SEO plugin v27.1.1 - https:\/\/yoast.com\/product\/yoast-seo-wordpress\/ -->\n<title>Wexford Town will Host Fleadh Cheoil 2024 - Marching Bands Ireland<\/title>\n<meta name=\"robots\" content=\"index, follow, max-snippet:-1, max-image-preview:large, max-video-preview:-1\" \/>\n<link rel=\"canonical\" href=\"https:\/\/marchingbandsireland.com\/index.php\/2023\/03\/11\/wexford-town-will-host-fleadh-cheoil-2024\/\" \/>\n<meta property=\"og:locale\" content=\"en_US\" \/>\n<meta property=\"og:type\" content=\"article\" \/>\n<meta property=\"og:title\" content=\"Wexford Town will Host Fleadh Cheoil 2024 - Marching Bands Ireland\" \/>\n<meta property=\"og:description\" content=\"Wexford has been chosen to host the 2024 Fleadh Cheoil na h\u00c9ireann, it was announced today by Comhaltas Ceolt\u00f3ir\u00ed \u00c9ireann\" \/>\n<meta property=\"og:url\" content=\"https:\/\/marchingbandsireland.com\/index.php\/2023\/03\/11\/wexford-town-will-host-fleadh-cheoil-2024\/\" \/>\n<meta property=\"og:site_name\" content=\"Marching Bands Ireland\" \/>\n<meta property=\"article:published_time\" content=\"2023-03-11T17:36:00+00:00\" \/>\n<meta property=\"og:image\" content=\"https:\/\/marchingbandsireland.com\/wp-content\/uploads\/2023\/08\/screenshot-2023-08-10-at-17.36.13-1.png\" \/>\n\t<meta property=\"og:image:width\" content=\"634\" \/>\n\t<meta property=\"og:image:height\" content=\"352\" \/>\n\t<meta property=\"og:image:type\" content=\"image\/png\" \/>\n<meta name=\"author\" content=\"johnmcglade150\" \/>\n<meta name=\"twitter:card\" content=\"summary_large_image\" \/>\n<meta name=\"twitter:label1\" content=\"Written by\" \/>\n\t<meta name=\"twitter:data1\" content=\"johnmcglade150\" \/>\n\t<meta name=\"twitter:label2\" content=\"Est. reading time\" \/>\n\t<meta name=\"twitter:data2\" content=\"2 minutes\" \/>\n<script type=\"application\/ld+json\" class=\"yoast-schema-graph\">{\"@context\":\"https:\/\/schema.org\",\"@graph\":[{\"@type\":\"Article\",\"@id\":\"https:\/\/marchingbandsireland.com\/index.php\/2023\/03\/11\/wexford-town-will-host-fleadh-cheoil-2024\/#article\",\"isPartOf\":{\"@id\":\"https:\/\/marchingbandsireland.com\/index.php\/2023\/03\/11\/wexford-town-will-host-fleadh-cheoil-2024\/\"},\"author\":{\"name\":\"johnmcglade150\",\"@id\":\"https:\/\/marchingbandsireland.com\/#\/schema\/person\/26a2622a4210130c7c9d4bd3d00f617d\"},\"headline\":\"Wexford Town will Host Fleadh Cheoil 2024\",\"datePublished\":\"2023-03-11T17:36:00+00:00\",\"mainEntityOfPage\":{\"@id\":\"https:\/\/marchingbandsireland.com\/index.php\/2023\/03\/11\/wexford-town-will-host-fleadh-cheoil-2024\/\"},\"wordCount\":332,\"commentCount\":0,\"publisher\":{\"@id\":\"https:\/\/marchingbandsireland.com\/#organization\"},\"image\":{\"@id\":\"https:\/\/marchingbandsireland.com\/index.php\/2023\/03\/11\/wexford-town-will-host-fleadh-cheoil-2024\/#primaryimage\"},\"thumbnailUrl\":\"https:\/\/marchingbandsireland.com\/wp-content\/uploads\/2023\/08\/screenshot-2023-08-10-at-17.36.13-1.png?w=634\",\"articleSection\":[\"Marching Bands\"],\"inLanguage\":\"en-US\",\"potentialAction\":[{\"@type\":\"CommentAction\",\"name\":\"Comment\",\"target\":[\"https:\/\/marchingbandsireland.com\/index.php\/2023\/03\/11\/wexford-town-will-host-fleadh-cheoil-2024\/#respond\"]}]},{\"@type\":\"WebPage\",\"@id\":\"https:\/\/marchingbandsireland.com\/index.php\/2023\/03\/11\/wexford-town-will-host-fleadh-cheoil-2024\/\",\"url\":\"https:\/\/marchingbandsireland.com\/index.php\/2023\/03\/11\/wexford-town-will-host-fleadh-cheoil-2024\/\",\"name\":\"Wexford Town will Host Fleadh Cheoil 2024 - Marching Bands Ireland\",\"isPartOf\":{\"@id\":\"https:\/\/marchingbandsireland.com\/#website\"},\"primaryImageOfPage\":{\"@id\":\"https:\/\/marchingbandsireland.com\/index.php\/2023\/03\/11\/wexford-town-will-host-fleadh-cheoil-2024\/#primaryimage\"},\"image\":{\"@id\":\"https:\/\/marchingbandsireland.com\/index.php\/2023\/03\/11\/wexford-town-will-host-fleadh-cheoil-2024\/#primaryimage\"},\"thumbnailUrl\":\"https:\/\/marchingbandsireland.com\/wp-content\/uploads\/2023\/08\/screenshot-2023-08-10-at-17.36.13-1.png?w=634\",\"datePublished\":\"2023-03-11T17:36:00+00:00\",\"breadcrumb\":{\"@id\":\"https:\/\/marchingbandsireland.com\/index.php\/2023\/03\/11\/wexford-town-will-host-fleadh-cheoil-2024\/#breadcrumb\"},\"inLanguage\":\"en-US\",\"potentialAction\":[{\"@type\":\"ReadAction\",\"target\":[\"https:\/\/marchingbandsireland.com\/index.php\/2023\/03\/11\/wexford-town-will-host-fleadh-cheoil-2024\/\"]}]},{\"@type\":\"ImageObject\",\"inLanguage\":\"en-US\",\"@id\":\"https:\/\/marchingbandsireland.com\/index.php\/2023\/03\/11\/wexford-town-will-host-fleadh-cheoil-2024\/#primaryimage\",\"url\":\"https:\/\/marchingbandsireland.com\/wp-content\/uploads\/2023\/08\/screenshot-2023-08-10-at-17.36.13-1.png\",\"contentUrl\":\"https:\/\/marchingbandsireland.com\/wp-content\/uploads\/2023\/08\/screenshot-2023-08-10-at-17.36.13-1.png\",\"width\":634,\"height\":352},{\"@type\":\"BreadcrumbList\",\"@id\":\"https:\/\/marchingbandsireland.com\/index.php\/2023\/03\/11\/wexford-town-will-host-fleadh-cheoil-2024\/#breadcrumb\",\"itemListElement\":[{\"@type\":\"ListItem\",\"position\":1,\"name\":\"Home\",\"item\":\"https:\/\/marchingbandsireland.com\/\"},{\"@type\":\"ListItem\",\"position\":2,\"name\":\"Wexford Town will Host Fleadh Cheoil 2024\"}]},{\"@type\":\"WebSite\",\"@id\":\"https:\/\/marchingbandsireland.com\/#website\",\"url\":\"https:\/\/marchingbandsireland.com\/\",\"name\":\"Marching Bands Ireland\",\"description\":\"\",\"publisher\":{\"@id\":\"https:\/\/marchingbandsireland.com\/#organization\"},\"potentialAction\":[{\"@type\":\"SearchAction\",\"target\":{\"@type\":\"EntryPoint\",\"urlTemplate\":\"https:\/\/marchingbandsireland.com\/?s={search_term_string}\"},\"query-input\":{\"@type\":\"PropertyValueSpecification\",\"valueRequired\":true,\"valueName\":\"search_term_string\"}}],\"inLanguage\":\"en-US\"},{\"@type\":\"Organization\",\"@id\":\"https:\/\/marchingbandsireland.com\/#organization\",\"name\":\"Marching Bands Ireland\",\"url\":\"https:\/\/marchingbandsireland.com\/\",\"logo\":{\"@type\":\"ImageObject\",\"inLanguage\":\"en-US\",\"@id\":\"https:\/\/marchingbandsireland.com\/#\/schema\/logo\/image\/\",\"url\":\"https:\/\/marchingbandsireland.com\/wp-content\/uploads\/2019\/05\/cropped-cropped-cropped-cropped-screenshot-2019-05-15-at-18.28.12-1.png\",\"contentUrl\":\"https:\/\/marchingbandsireland.com\/wp-content\/uploads\/2019\/05\/cropped-cropped-cropped-cropped-screenshot-2019-05-15-at-18.28.12-1.png\",\"width\":163,\"height\":90,\"caption\":\"Marching Bands Ireland\"},\"image\":{\"@id\":\"https:\/\/marchingbandsireland.com\/#\/schema\/logo\/image\/\"}},{\"@type\":\"Person\",\"@id\":\"https:\/\/marchingbandsireland.com\/#\/schema\/person\/26a2622a4210130c7c9d4bd3d00f617d\",\"name\":\"johnmcglade150\",\"image\":{\"@type\":\"ImageObject\",\"inLanguage\":\"en-US\",\"@id\":\"https:\/\/marchingbandsireland.com\/#\/schema\/person\/image\/\",\"url\":\"https:\/\/secure.gravatar.com\/avatar\/979e9af104a71021e505c9a012ff3b37ecb062273885cec6058e097e00f35dc6?s=96&d=mm&r=g\",\"contentUrl\":\"https:\/\/secure.gravatar.com\/avatar\/979e9af104a71021e505c9a012ff3b37ecb062273885cec6058e097e00f35dc6?s=96&d=mm&r=g\",\"caption\":\"johnmcglade150\"},\"sameAs\":[\"https:\/\/marchingbandsireland.com\"],\"url\":\"https:\/\/marchingbandsireland.com\/index.php\/author\/johnmcglade150\/\"}]}<\/script>\n<!-- \/ Yoast SEO plugin. -->","yoast_head_json":{"title":"Wexford Town will Host Fleadh Cheoil 2024 - Marching Bands Ireland","robots":{"index":"index","follow":"follow","max-snippet":"max-snippet:-1","max-image-preview":"max-image-preview:large","max-video-preview":"max-video-preview:-1"},"canonical":"https:\/\/marchingbandsireland.com\/index.php\/2023\/03\/11\/wexford-town-will-host-fleadh-cheoil-2024\/","og_locale":"en_US","og_type":"article","og_title":"Wexford Town will Host Fleadh Cheoil 2024 - Marching Bands Ireland","og_description":"Wexford has been chosen to host the 2024 Fleadh Cheoil na h\u00c9ireann, it was announced today by Comhaltas Ceolt\u00f3ir\u00ed \u00c9ireann","og_url":"https:\/\/marchingbandsireland.com\/index.php\/2023\/03\/11\/wexford-town-will-host-fleadh-cheoil-2024\/","og_site_name":"Marching Bands Ireland","article_published_time":"2023-03-11T17:36:00+00:00","og_image":[{"width":634,"height":352,"url":"https:\/\/marchingbandsireland.com\/wp-content\/uploads\/2023\/08\/screenshot-2023-08-10-at-17.36.13-1.png","type":"image\/png"}],"author":"johnmcglade150","twitter_card":"summary_large_image","twitter_misc":{"Written by":"johnmcglade150","Est. reading time":"2 minutes"},"schema":{"@context":"https:\/\/schema.org","@graph":[{"@type":"Article","@id":"https:\/\/marchingbandsireland.com\/index.php\/2023\/03\/11\/wexford-town-will-host-fleadh-cheoil-2024\/#article","isPartOf":{"@id":"https:\/\/marchingbandsireland.com\/index.php\/2023\/03\/11\/wexford-town-will-host-fleadh-cheoil-2024\/"},"author":{"name":"johnmcglade150","@id":"https:\/\/marchingbandsireland.com\/#\/schema\/person\/26a2622a4210130c7c9d4bd3d00f617d"},"headline":"Wexford Town will Host Fleadh Cheoil 2024","datePublished":"2023-03-11T17:36:00+00:00","mainEntityOfPage":{"@id":"https:\/\/marchingbandsireland.com\/index.php\/2023\/03\/11\/wexford-town-will-host-fleadh-cheoil-2024\/"},"wordCount":332,"commentCount":0,"publisher":{"@id":"https:\/\/marchingbandsireland.com\/#organization"},"image":{"@id":"https:\/\/marchingbandsireland.com\/index.php\/2023\/03\/11\/wexford-town-will-host-fleadh-cheoil-2024\/#primaryimage"},"thumbnailUrl":"https:\/\/marchingbandsireland.com\/wp-content\/uploads\/2023\/08\/screenshot-2023-08-10-at-17.36.13-1.png?w=634","articleSection":["Marching Bands"],"inLanguage":"en-US","potentialAction":[{"@type":"CommentAction","name":"Comment","target":["https:\/\/marchingbandsireland.com\/index.php\/2023\/03\/11\/wexford-town-will-host-fleadh-cheoil-2024\/#respond"]}]},{"@type":"WebPage","@id":"https:\/\/marchingbandsireland.com\/index.php\/2023\/03\/11\/wexford-town-will-host-fleadh-cheoil-2024\/","url":"https:\/\/marchingbandsireland.com\/index.php\/2023\/03\/11\/wexford-town-will-host-fleadh-cheoil-2024\/","name":"Wexford Town will Host Fleadh Cheoil 2024 - Marching Bands Ireland","isPartOf":{"@id":"https:\/\/marchingbandsireland.com\/#website"},"primaryImageOfPage":{"@id":"https:\/\/marchingbandsireland.com\/index.php\/2023\/03\/11\/wexford-town-will-host-fleadh-cheoil-2024\/#primaryimage"},"image":{"@id":"https:\/\/marchingbandsireland.com\/index.php\/2023\/03\/11\/wexford-town-will-host-fleadh-cheoil-2024\/#primaryimage"},"thumbnailUrl":"https:\/\/marchingbandsireland.com\/wp-content\/uploads\/2023\/08\/screenshot-2023-08-10-at-17.36.13-1.png?w=634","datePublished":"2023-03-11T17:36:00+00:00","breadcrumb":{"@id":"https:\/\/marchingbandsireland.com\/index.php\/2023\/03\/11\/wexford-town-will-host-fleadh-cheoil-2024\/#breadcrumb"},"inLanguage":"en-US","potentialAction":[{"@type":"ReadAction","target":["https:\/\/marchingbandsireland.com\/index.php\/2023\/03\/11\/wexford-town-will-host-fleadh-cheoil-2024\/"]}]},{"@type":"ImageObject","inLanguage":"en-US","@id":"https:\/\/marchingbandsireland.com\/index.php\/2023\/03\/11\/wexford-town-will-host-fleadh-cheoil-2024\/#primaryimage","url":"https:\/\/marchingbandsireland.com\/wp-content\/uploads\/2023\/08\/screenshot-2023-08-10-at-17.36.13-1.png","contentUrl":"https:\/\/marchingbandsireland.com\/wp-content\/uploads\/2023\/08\/screenshot-2023-08-10-at-17.36.13-1.png","width":634,"height":352},{"@type":"BreadcrumbList","@id":"https:\/\/marchingbandsireland.com\/index.php\/2023\/03\/11\/wexford-town-will-host-fleadh-cheoil-2024\/#breadcrumb","itemListElement":[{"@type":"ListItem","position":1,"name":"Home","item":"https:\/\/marchingbandsireland.com\/"},{"@type":"ListItem","position":2,"name":"Wexford Town will Host Fleadh Cheoil 2024"}]},{"@type":"WebSite","@id":"https:\/\/marchingbandsireland.com\/#website","url":"https:\/\/marchingbandsireland.com\/","name":"Marching Bands Ireland","description":"","publisher":{"@id":"https:\/\/marchingbandsireland.com\/#organization"},"potentialAction":[{"@type":"SearchAction","target":{"@type":"EntryPoint","urlTemplate":"https:\/\/marchingbandsireland.com\/?s={search_term_string}"},"query-input":{"@type":"PropertyValueSpecification","valueRequired":true,"valueName":"search_term_string"}}],"inLanguage":"en-US"},{"@type":"Organization","@id":"https:\/\/marchingbandsireland.com\/#organization","name":"Marching Bands Ireland","url":"https:\/\/marchingbandsireland.com\/","logo":{"@type":"ImageObject","inLanguage":"en-US","@id":"https:\/\/marchingbandsireland.com\/#\/schema\/logo\/image\/","url":"https:\/\/marchingbandsireland.com\/wp-content\/uploads\/2019\/05\/cropped-cropped-cropped-cropped-screenshot-2019-05-15-at-18.28.12-1.png","contentUrl":"https:\/\/marchingbandsireland.com\/wp-content\/uploads\/2019\/05\/cropped-cropped-cropped-cropped-screenshot-2019-05-15-at-18.28.12-1.png","width":163,"height":90,"caption":"Marching Bands Ireland"},"image":{"@id":"https:\/\/marchingbandsireland.com\/#\/schema\/logo\/image\/"}},{"@type":"Person","@id":"https:\/\/marchingbandsireland.com\/#\/schema\/person\/26a2622a4210130c7c9d4bd3d00f617d","name":"johnmcglade150","image":{"@type":"ImageObject","inLanguage":"en-US","@id":"https:\/\/marchingbandsireland.com\/#\/schema\/person\/image\/","url":"https:\/\/secure.gravatar.com\/avatar\/979e9af104a71021e505c9a012ff3b37ecb062273885cec6058e097e00f35dc6?s=96&d=mm&r=g","contentUrl":"https:\/\/secure.gravatar.com\/avatar\/979e9af104a71021e505c9a012ff3b37ecb062273885cec6058e097e00f35dc6?s=96&d=mm&r=g","caption":"johnmcglade150"},"sameAs":["https:\/\/marchingbandsireland.com"],"url":"https:\/\/marchingbandsireland.com\/index.php\/author\/johnmcglade150\/"}]}},"jetpack_publicize_connections":[],"jetpack_featured_media_url":"","jetpack_sharing_enabled":true,"_links":{"self":[{"href":"https:\/\/marchingbandsireland.com\/index.php\/wp-json\/wp\/v2\/posts\/1967","targetHints":{"allow":["GET"]}}],"collection":[{"href":"https:\/\/marchingbandsireland.com\/index.php\/wp-json\/wp\/v2\/posts"}],"about":[{"href":"https:\/\/marchingbandsireland.com\/index.php\/wp-json\/wp\/v2\/types\/post"}],"author":[{"embeddable":true,"href":"https:\/\/marchingbandsireland.com\/index.php\/wp-json\/wp\/v2\/users\/1"}],"replies":[{"embeddable":true,"href":"https:\/\/marchingbandsireland.com\/index.php\/wp-json\/wp\/v2\/comments?post=1967"}],"version-history":[{"count":0,"href":"https:\/\/marchingbandsireland.com\/index.php\/wp-json\/wp\/v2\/posts\/1967\/revisions"}],"wp:attachment":[{"href":"https:\/\/marchingbandsireland.com\/index.php\/wp-json\/wp\/v2\/media?parent=1967"}],"wp:term":[{"taxonomy":"category","embeddable":true,"href":"https:\/\/marchingbandsireland.com\/index.php\/wp-json\/wp\/v2\/categories?post=1967"},{"taxonomy":"post_tag","embeddable":true,"href":"https:\/\/marchingbandsireland.com\/index.php\/wp-json\/wp\/v2\/tags?post=1967"}],"curies":[{"name":"wp","href":"https:\/\/api.w.org\/{rel}","templated":true}]}}