{"id":1915,"date":"2023-08-05T19:22:00","date_gmt":"2023-08-05T18:22:00","guid":{"rendered":"https:\/\/irishmarchingbandsmedia.wordpress.com\/2023\/08\/05\/marching-bands-qualified-for-all-ireland-fleadh-2023\/"},"modified":"2023-08-05T19:22:00","modified_gmt":"2023-08-05T18:22:00","slug":"marching-bands-qualified-for-all-ireland-fleadh-2023","status":"publish","type":"post","link":"https:\/\/marchingbandsireland.com\/index.php\/2023\/08\/05\/marching-bands-qualified-for-all-ireland-fleadh-2023\/","title":{"rendered":"MARCHING BANDS QUALIFIED FOR ALL IRELAND FLEADH 2023"},"content":{"rendered":"\n<p><\/p>\n\n\n\n<p>This years competition takes place on the 13th of August in TEG Cusack Park and sees the entries triple from last years number of competitors as nine bands are expected to compete at this years All Ireland Fleadh in Mullingar.<\/p>\n\n\n\n<p><strong>30E BANNA\u00cd M\u00c1IRSE\u00c1LA, P\u00cdB \/ PIPE MARCHING BANDS -BEGINS AT 12PM<\/strong><\/p>\n\n\n\n<ul class=\"wp-block-list\">\n<li>Clonoe Independent Pipe Band &#8211; Clonoe, T\u00edr Eoghain<\/li>\n<\/ul>\n\n\n\n<p><strong>ALL OTHER SECTIONS &#8211; BEGIN AT 2.00PM<\/strong><br><\/p>\n\n\n\n<p><strong>29F MISCELLANEOUS MARCHING BANDS U18<\/strong><\/p>\n\n\n\n<ul class=\"wp-block-list\">\n<li>Banna Cheoil Cloich Cheann Fhaola &#8211; Cloich Cheann Fhaola, D\u00fan na nGall<\/li>\n\n\n\n<li>St Kevin\u2019s Marching Band Wexford<\/li>\n<\/ul>\n\n\n\n<p><strong>27D ACCORDION MARCHING BANDS O18<\/strong><\/p>\n\n\n\n<ul class=\"wp-block-list\">\n<li>Kentstown and Senchelstown Accordion Band Navan, An Mh\u00ed<\/li>\n<\/ul>\n\n\n\n<p><strong>28D FLUTE MARCHING BANDS O18<\/strong><\/p>\n\n\n\n<ul class=\"wp-block-list\">\n<li>Bu\u00edon Ceoil an Mhacaire -Mhacaire, D\u00fan na nGall<\/li>\n\n\n\n<li>Maghery Senior Fife and Drum Band, Mhacaire, D\u00fan na nGall<\/li>\n<\/ul>\n\n\n\n<p><strong>29D MISCELLANEOUS MARCHING BANDS O18<\/strong><\/p>\n\n\n\n<ul class=\"wp-block-list\">\n<li>Banna Cheoil Cloich Cheann Fhaola &#8211; Cloich Cheann Fhaola, D\u00fan na nGall<\/li>\n\n\n\n<li>Mullingar Town Band, Mullingar Westmeath<\/li>\n<\/ul>\n\n\n\n<p>PARADE THROUGH MULLINGAR TOWN AT 4.30PM<\/p>\n\n\n\n<figure class=\"wp-block-gallery alignfull has-nested-images columns-default is-cropped wp-block-gallery-1 is-layout-flex wp-block-gallery-is-layout-flex\">\n<figure class=\"wp-block-image size-large\"><img decoding=\"async\" data-id=\"1914\" src=\"https:\/\/marchingbandsireland.com\/wp-content\/uploads\/2023\/08\/img_7165.jpg?w=1024\" alt=\"\" class=\"wp-image-1914\" \/><\/figure>\n<\/figure>\n\n\n\n<p><\/p>\n","protected":false},"excerpt":{"rendered":"<p>This years competition takes place on the 13th of August in TEG Cusack Park and sees the entries triple from<\/p>\n","protected":false},"author":1,"featured_media":1914,"comment_status":"open","ping_status":"open","sticky":false,"template":"","format":"standard","meta":{"colormag_page_container_layout":"default_layout","colormag_page_sidebar_layout":"default_layout","jetpack_post_was_ever_published":false,"_jetpack_newsletter_access":"","_jetpack_dont_email_post_to_subs":false,"_jetpack_newsletter_tier_id":0,"_jetpack_memberships_contains_paywalled_content":false,"_jetpack_memberships_contains_paid_content":false,"footnotes":"","jetpack_publicize_message":"","jetpack_publicize_feature_enabled":true,"jetpack_social_post_already_shared":false,"jetpack_social_options":{"image_generator_settings":{"template":"highway","default_image_id":0,"font":"","enabled":false},"version":2}},"categories":[3,15],"tags":[],"class_list":["post-1915","post","type-post","status-publish","format-standard","has-post-thumbnail","hentry","category-all-ireland-fleadh-2023","category-marching-bands"],"yoast_head":"<!-- This site is optimized with the Yoast SEO plugin v27.1.1 - https:\/\/yoast.com\/product\/yoast-seo-wordpress\/ -->\n<title>MARCHING BANDS QUALIFIED FOR ALL IRELAND FLEADH 2023 - Marching Bands Ireland<\/title>\n<meta name=\"robots\" content=\"index, follow, max-snippet:-1, max-image-preview:large, max-video-preview:-1\" \/>\n<link rel=\"canonical\" href=\"https:\/\/marchingbandsireland.com\/index.php\/2023\/08\/05\/marching-bands-qualified-for-all-ireland-fleadh-2023\/\" \/>\n<meta property=\"og:locale\" content=\"en_US\" \/>\n<meta property=\"og:type\" content=\"article\" \/>\n<meta property=\"og:title\" content=\"MARCHING BANDS QUALIFIED FOR ALL IRELAND FLEADH 2023 - Marching Bands Ireland\" \/>\n<meta property=\"og:description\" content=\"This years competition takes place on the 13th of August in TEG Cusack Park and sees the entries triple from\" \/>\n<meta property=\"og:url\" content=\"https:\/\/marchingbandsireland.com\/index.php\/2023\/08\/05\/marching-bands-qualified-for-all-ireland-fleadh-2023\/\" \/>\n<meta property=\"og:site_name\" content=\"Marching Bands Ireland\" \/>\n<meta property=\"article:published_time\" content=\"2023-08-05T18:22:00+00:00\" \/>\n<meta property=\"og:image\" content=\"https:\/\/marchingbandsireland.com\/wp-content\/uploads\/2023\/08\/img_7165-scaled.jpg\" \/>\n\t<meta property=\"og:image:width\" content=\"2560\" \/>\n\t<meta property=\"og:image:height\" content=\"1920\" \/>\n\t<meta property=\"og:image:type\" content=\"image\/jpeg\" \/>\n<meta name=\"author\" content=\"johnmcglade150\" \/>\n<meta name=\"twitter:card\" content=\"summary_large_image\" \/>\n<meta name=\"twitter:label1\" content=\"Written by\" \/>\n\t<meta name=\"twitter:data1\" content=\"johnmcglade150\" \/>\n\t<meta name=\"twitter:label2\" content=\"Est. reading time\" \/>\n\t<meta name=\"twitter:data2\" content=\"1 minute\" \/>\n<script type=\"application\/ld+json\" class=\"yoast-schema-graph\">{\"@context\":\"https:\/\/schema.org\",\"@graph\":[{\"@type\":\"Article\",\"@id\":\"https:\/\/marchingbandsireland.com\/index.php\/2023\/08\/05\/marching-bands-qualified-for-all-ireland-fleadh-2023\/#article\",\"isPartOf\":{\"@id\":\"https:\/\/marchingbandsireland.com\/index.php\/2023\/08\/05\/marching-bands-qualified-for-all-ireland-fleadh-2023\/\"},\"author\":{\"name\":\"johnmcglade150\",\"@id\":\"https:\/\/marchingbandsireland.com\/#\/schema\/person\/26a2622a4210130c7c9d4bd3d00f617d\"},\"headline\":\"MARCHING BANDS QUALIFIED FOR ALL IRELAND FLEADH 2023\",\"datePublished\":\"2023-08-05T18:22:00+00:00\",\"mainEntityOfPage\":{\"@id\":\"https:\/\/marchingbandsireland.com\/index.php\/2023\/08\/05\/marching-bands-qualified-for-all-ireland-fleadh-2023\/\"},\"wordCount\":168,\"commentCount\":0,\"publisher\":{\"@id\":\"https:\/\/marchingbandsireland.com\/#organization\"},\"image\":{\"@id\":\"https:\/\/marchingbandsireland.com\/index.php\/2023\/08\/05\/marching-bands-qualified-for-all-ireland-fleadh-2023\/#primaryimage\"},\"thumbnailUrl\":\"https:\/\/marchingbandsireland.com\/wp-content\/uploads\/2023\/08\/img_7165-scaled.jpg\",\"articleSection\":[\"All Ireland Fleadh 2023\",\"Marching Bands\"],\"inLanguage\":\"en-US\",\"potentialAction\":[{\"@type\":\"CommentAction\",\"name\":\"Comment\",\"target\":[\"https:\/\/marchingbandsireland.com\/index.php\/2023\/08\/05\/marching-bands-qualified-for-all-ireland-fleadh-2023\/#respond\"]}]},{\"@type\":\"WebPage\",\"@id\":\"https:\/\/marchingbandsireland.com\/index.php\/2023\/08\/05\/marching-bands-qualified-for-all-ireland-fleadh-2023\/\",\"url\":\"https:\/\/marchingbandsireland.com\/index.php\/2023\/08\/05\/marching-bands-qualified-for-all-ireland-fleadh-2023\/\",\"name\":\"MARCHING BANDS QUALIFIED FOR ALL IRELAND FLEADH 2023 - Marching Bands Ireland\",\"isPartOf\":{\"@id\":\"https:\/\/marchingbandsireland.com\/#website\"},\"primaryImageOfPage\":{\"@id\":\"https:\/\/marchingbandsireland.com\/index.php\/2023\/08\/05\/marching-bands-qualified-for-all-ireland-fleadh-2023\/#primaryimage\"},\"image\":{\"@id\":\"https:\/\/marchingbandsireland.com\/index.php\/2023\/08\/05\/marching-bands-qualified-for-all-ireland-fleadh-2023\/#primaryimage\"},\"thumbnailUrl\":\"https:\/\/marchingbandsireland.com\/wp-content\/uploads\/2023\/08\/img_7165-scaled.jpg\",\"datePublished\":\"2023-08-05T18:22:00+00:00\",\"breadcrumb\":{\"@id\":\"https:\/\/marchingbandsireland.com\/index.php\/2023\/08\/05\/marching-bands-qualified-for-all-ireland-fleadh-2023\/#breadcrumb\"},\"inLanguage\":\"en-US\",\"potentialAction\":[{\"@type\":\"ReadAction\",\"target\":[\"https:\/\/marchingbandsireland.com\/index.php\/2023\/08\/05\/marching-bands-qualified-for-all-ireland-fleadh-2023\/\"]}]},{\"@type\":\"ImageObject\",\"inLanguage\":\"en-US\",\"@id\":\"https:\/\/marchingbandsireland.com\/index.php\/2023\/08\/05\/marching-bands-qualified-for-all-ireland-fleadh-2023\/#primaryimage\",\"url\":\"https:\/\/marchingbandsireland.com\/wp-content\/uploads\/2023\/08\/img_7165-scaled.jpg\",\"contentUrl\":\"https:\/\/marchingbandsireland.com\/wp-content\/uploads\/2023\/08\/img_7165-scaled.jpg\",\"width\":2560,\"height\":1920},{\"@type\":\"BreadcrumbList\",\"@id\":\"https:\/\/marchingbandsireland.com\/index.php\/2023\/08\/05\/marching-bands-qualified-for-all-ireland-fleadh-2023\/#breadcrumb\",\"itemListElement\":[{\"@type\":\"ListItem\",\"position\":1,\"name\":\"Home\",\"item\":\"https:\/\/marchingbandsireland.com\/\"},{\"@type\":\"ListItem\",\"position\":2,\"name\":\"MARCHING BANDS QUALIFIED FOR ALL IRELAND FLEADH 2023\"}]},{\"@type\":\"WebSite\",\"@id\":\"https:\/\/marchingbandsireland.com\/#website\",\"url\":\"https:\/\/marchingbandsireland.com\/\",\"name\":\"Marching Bands Ireland\",\"description\":\"\",\"publisher\":{\"@id\":\"https:\/\/marchingbandsireland.com\/#organization\"},\"potentialAction\":[{\"@type\":\"SearchAction\",\"target\":{\"@type\":\"EntryPoint\",\"urlTemplate\":\"https:\/\/marchingbandsireland.com\/?s={search_term_string}\"},\"query-input\":{\"@type\":\"PropertyValueSpecification\",\"valueRequired\":true,\"valueName\":\"search_term_string\"}}],\"inLanguage\":\"en-US\"},{\"@type\":\"Organization\",\"@id\":\"https:\/\/marchingbandsireland.com\/#organization\",\"name\":\"Marching Bands Ireland\",\"url\":\"https:\/\/marchingbandsireland.com\/\",\"logo\":{\"@type\":\"ImageObject\",\"inLanguage\":\"en-US\",\"@id\":\"https:\/\/marchingbandsireland.com\/#\/schema\/logo\/image\/\",\"url\":\"https:\/\/marchingbandsireland.com\/wp-content\/uploads\/2019\/05\/cropped-cropped-cropped-cropped-screenshot-2019-05-15-at-18.28.12-1.png\",\"contentUrl\":\"https:\/\/marchingbandsireland.com\/wp-content\/uploads\/2019\/05\/cropped-cropped-cropped-cropped-screenshot-2019-05-15-at-18.28.12-1.png\",\"width\":163,\"height\":90,\"caption\":\"Marching Bands Ireland\"},\"image\":{\"@id\":\"https:\/\/marchingbandsireland.com\/#\/schema\/logo\/image\/\"}},{\"@type\":\"Person\",\"@id\":\"https:\/\/marchingbandsireland.com\/#\/schema\/person\/26a2622a4210130c7c9d4bd3d00f617d\",\"name\":\"johnmcglade150\",\"image\":{\"@type\":\"ImageObject\",\"inLanguage\":\"en-US\",\"@id\":\"https:\/\/marchingbandsireland.com\/#\/schema\/person\/image\/\",\"url\":\"https:\/\/secure.gravatar.com\/avatar\/979e9af104a71021e505c9a012ff3b37ecb062273885cec6058e097e00f35dc6?s=96&d=mm&r=g\",\"contentUrl\":\"https:\/\/secure.gravatar.com\/avatar\/979e9af104a71021e505c9a012ff3b37ecb062273885cec6058e097e00f35dc6?s=96&d=mm&r=g\",\"caption\":\"johnmcglade150\"},\"sameAs\":[\"https:\/\/marchingbandsireland.com\"],\"url\":\"https:\/\/marchingbandsireland.com\/index.php\/author\/johnmcglade150\/\"}]}<\/script>\n<!-- \/ Yoast SEO plugin. -->","yoast_head_json":{"title":"MARCHING BANDS QUALIFIED FOR ALL IRELAND FLEADH 2023 - Marching Bands Ireland","robots":{"index":"index","follow":"follow","max-snippet":"max-snippet:-1","max-image-preview":"max-image-preview:large","max-video-preview":"max-video-preview:-1"},"canonical":"https:\/\/marchingbandsireland.com\/index.php\/2023\/08\/05\/marching-bands-qualified-for-all-ireland-fleadh-2023\/","og_locale":"en_US","og_type":"article","og_title":"MARCHING BANDS QUALIFIED FOR ALL IRELAND FLEADH 2023 - Marching Bands Ireland","og_description":"This years competition takes place on the 13th of August in TEG Cusack Park and sees the entries triple from","og_url":"https:\/\/marchingbandsireland.com\/index.php\/2023\/08\/05\/marching-bands-qualified-for-all-ireland-fleadh-2023\/","og_site_name":"Marching Bands Ireland","article_published_time":"2023-08-05T18:22:00+00:00","og_image":[{"width":2560,"height":1920,"url":"https:\/\/marchingbandsireland.com\/wp-content\/uploads\/2023\/08\/img_7165-scaled.jpg","type":"image\/jpeg"}],"author":"johnmcglade150","twitter_card":"summary_large_image","twitter_misc":{"Written by":"johnmcglade150","Est. reading time":"1 minute"},"schema":{"@context":"https:\/\/schema.org","@graph":[{"@type":"Article","@id":"https:\/\/marchingbandsireland.com\/index.php\/2023\/08\/05\/marching-bands-qualified-for-all-ireland-fleadh-2023\/#article","isPartOf":{"@id":"https:\/\/marchingbandsireland.com\/index.php\/2023\/08\/05\/marching-bands-qualified-for-all-ireland-fleadh-2023\/"},"author":{"name":"johnmcglade150","@id":"https:\/\/marchingbandsireland.com\/#\/schema\/person\/26a2622a4210130c7c9d4bd3d00f617d"},"headline":"MARCHING BANDS QUALIFIED FOR ALL IRELAND FLEADH 2023","datePublished":"2023-08-05T18:22:00+00:00","mainEntityOfPage":{"@id":"https:\/\/marchingbandsireland.com\/index.php\/2023\/08\/05\/marching-bands-qualified-for-all-ireland-fleadh-2023\/"},"wordCount":168,"commentCount":0,"publisher":{"@id":"https:\/\/marchingbandsireland.com\/#organization"},"image":{"@id":"https:\/\/marchingbandsireland.com\/index.php\/2023\/08\/05\/marching-bands-qualified-for-all-ireland-fleadh-2023\/#primaryimage"},"thumbnailUrl":"https:\/\/marchingbandsireland.com\/wp-content\/uploads\/2023\/08\/img_7165-scaled.jpg","articleSection":["All Ireland Fleadh 2023","Marching Bands"],"inLanguage":"en-US","potentialAction":[{"@type":"CommentAction","name":"Comment","target":["https:\/\/marchingbandsireland.com\/index.php\/2023\/08\/05\/marching-bands-qualified-for-all-ireland-fleadh-2023\/#respond"]}]},{"@type":"WebPage","@id":"https:\/\/marchingbandsireland.com\/index.php\/2023\/08\/05\/marching-bands-qualified-for-all-ireland-fleadh-2023\/","url":"https:\/\/marchingbandsireland.com\/index.php\/2023\/08\/05\/marching-bands-qualified-for-all-ireland-fleadh-2023\/","name":"MARCHING BANDS QUALIFIED FOR ALL IRELAND FLEADH 2023 - Marching Bands Ireland","isPartOf":{"@id":"https:\/\/marchingbandsireland.com\/#website"},"primaryImageOfPage":{"@id":"https:\/\/marchingbandsireland.com\/index.php\/2023\/08\/05\/marching-bands-qualified-for-all-ireland-fleadh-2023\/#primaryimage"},"image":{"@id":"https:\/\/marchingbandsireland.com\/index.php\/2023\/08\/05\/marching-bands-qualified-for-all-ireland-fleadh-2023\/#primaryimage"},"thumbnailUrl":"https:\/\/marchingbandsireland.com\/wp-content\/uploads\/2023\/08\/img_7165-scaled.jpg","datePublished":"2023-08-05T18:22:00+00:00","breadcrumb":{"@id":"https:\/\/marchingbandsireland.com\/index.php\/2023\/08\/05\/marching-bands-qualified-for-all-ireland-fleadh-2023\/#breadcrumb"},"inLanguage":"en-US","potentialAction":[{"@type":"ReadAction","target":["https:\/\/marchingbandsireland.com\/index.php\/2023\/08\/05\/marching-bands-qualified-for-all-ireland-fleadh-2023\/"]}]},{"@type":"ImageObject","inLanguage":"en-US","@id":"https:\/\/marchingbandsireland.com\/index.php\/2023\/08\/05\/marching-bands-qualified-for-all-ireland-fleadh-2023\/#primaryimage","url":"https:\/\/marchingbandsireland.com\/wp-content\/uploads\/2023\/08\/img_7165-scaled.jpg","contentUrl":"https:\/\/marchingbandsireland.com\/wp-content\/uploads\/2023\/08\/img_7165-scaled.jpg","width":2560,"height":1920},{"@type":"BreadcrumbList","@id":"https:\/\/marchingbandsireland.com\/index.php\/2023\/08\/05\/marching-bands-qualified-for-all-ireland-fleadh-2023\/#breadcrumb","itemListElement":[{"@type":"ListItem","position":1,"name":"Home","item":"https:\/\/marchingbandsireland.com\/"},{"@type":"ListItem","position":2,"name":"MARCHING BANDS QUALIFIED FOR ALL IRELAND FLEADH 2023"}]},{"@type":"WebSite","@id":"https:\/\/marchingbandsireland.com\/#website","url":"https:\/\/marchingbandsireland.com\/","name":"Marching Bands Ireland","description":"","publisher":{"@id":"https:\/\/marchingbandsireland.com\/#organization"},"potentialAction":[{"@type":"SearchAction","target":{"@type":"EntryPoint","urlTemplate":"https:\/\/marchingbandsireland.com\/?s={search_term_string}"},"query-input":{"@type":"PropertyValueSpecification","valueRequired":true,"valueName":"search_term_string"}}],"inLanguage":"en-US"},{"@type":"Organization","@id":"https:\/\/marchingbandsireland.com\/#organization","name":"Marching Bands Ireland","url":"https:\/\/marchingbandsireland.com\/","logo":{"@type":"ImageObject","inLanguage":"en-US","@id":"https:\/\/marchingbandsireland.com\/#\/schema\/logo\/image\/","url":"https:\/\/marchingbandsireland.com\/wp-content\/uploads\/2019\/05\/cropped-cropped-cropped-cropped-screenshot-2019-05-15-at-18.28.12-1.png","contentUrl":"https:\/\/marchingbandsireland.com\/wp-content\/uploads\/2019\/05\/cropped-cropped-cropped-cropped-screenshot-2019-05-15-at-18.28.12-1.png","width":163,"height":90,"caption":"Marching Bands Ireland"},"image":{"@id":"https:\/\/marchingbandsireland.com\/#\/schema\/logo\/image\/"}},{"@type":"Person","@id":"https:\/\/marchingbandsireland.com\/#\/schema\/person\/26a2622a4210130c7c9d4bd3d00f617d","name":"johnmcglade150","image":{"@type":"ImageObject","inLanguage":"en-US","@id":"https:\/\/marchingbandsireland.com\/#\/schema\/person\/image\/","url":"https:\/\/secure.gravatar.com\/avatar\/979e9af104a71021e505c9a012ff3b37ecb062273885cec6058e097e00f35dc6?s=96&d=mm&r=g","contentUrl":"https:\/\/secure.gravatar.com\/avatar\/979e9af104a71021e505c9a012ff3b37ecb062273885cec6058e097e00f35dc6?s=96&d=mm&r=g","caption":"johnmcglade150"},"sameAs":["https:\/\/marchingbandsireland.com"],"url":"https:\/\/marchingbandsireland.com\/index.php\/author\/johnmcglade150\/"}]}},"jetpack_publicize_connections":[],"jetpack_featured_media_url":"https:\/\/marchingbandsireland.com\/wp-content\/uploads\/2023\/08\/img_7165-scaled.jpg","jetpack_sharing_enabled":true,"_links":{"self":[{"href":"https:\/\/marchingbandsireland.com\/index.php\/wp-json\/wp\/v2\/posts\/1915","targetHints":{"allow":["GET"]}}],"collection":[{"href":"https:\/\/marchingbandsireland.com\/index.php\/wp-json\/wp\/v2\/posts"}],"about":[{"href":"https:\/\/marchingbandsireland.com\/index.php\/wp-json\/wp\/v2\/types\/post"}],"author":[{"embeddable":true,"href":"https:\/\/marchingbandsireland.com\/index.php\/wp-json\/wp\/v2\/users\/1"}],"replies":[{"embeddable":true,"href":"https:\/\/marchingbandsireland.com\/index.php\/wp-json\/wp\/v2\/comments?post=1915"}],"version-history":[{"count":0,"href":"https:\/\/marchingbandsireland.com\/index.php\/wp-json\/wp\/v2\/posts\/1915\/revisions"}],"wp:featuredmedia":[{"embeddable":true,"href":"https:\/\/marchingbandsireland.com\/index.php\/wp-json\/wp\/v2\/media\/1914"}],"wp:attachment":[{"href":"https:\/\/marchingbandsireland.com\/index.php\/wp-json\/wp\/v2\/media?parent=1915"}],"wp:term":[{"taxonomy":"category","embeddable":true,"href":"https:\/\/marchingbandsireland.com\/index.php\/wp-json\/wp\/v2\/categories?post=1915"},{"taxonomy":"post_tag","embeddable":true,"href":"https:\/\/marchingbandsireland.com\/index.php\/wp-json\/wp\/v2\/tags?post=1915"}],"curies":[{"name":"wp","href":"https:\/\/api.w.org\/{rel}","templated":true}]}}