{"id":1656,"date":"2019-07-18T11:02:58","date_gmt":"2019-07-18T10:02:58","guid":{"rendered":"http:\/\/irishmarchingbandsmedia.com\/?p=1656"},"modified":"2019-07-18T11:02:58","modified_gmt":"2019-07-18T10:02:58","slug":"fleadh-highlights-2016-atticall-band-march-to-historic-double-in-ennis","status":"publish","type":"post","link":"https:\/\/marchingbandsireland.com\/index.php\/2019\/07\/18\/fleadh-highlights-2016-atticall-band-march-to-historic-double-in-ennis\/","title":{"rendered":"Fleadh Highlights; 2016 Atticall Band March to Historic Double in Ennis"},"content":{"rendered":"\n<p>Over the coming weeks to get you \u2018fleadh ready\u2019 were taking a look at the biggest win at each fleadh over the last seven years. This week is 2016 and it was a successful year for Holy Cross Accordion Band Atticall<\/p>\n\n\n\n<figure class=\"wp-block-image\"><img decoding=\"async\" src=\"https:\/\/irishmarchingbandsmedia.files.wordpress.com\/2018\/10\/img_e9702.jpg?w=750\" alt=\"\" \/><\/figure>\n\n\n\n<p>Holy Cross Accordion Band made history at the Fleadh Cheoil in Ennis 2016. They were by far the biggest success story from the Fleadh 2016. The band won both the Junior Accordion and Senior Accordion Titles on the same day for the first time in their history and became only the second ever band to win both titles on the same day. It was truly an emotional day for all involved, many said it couldn\u2019t be done but Atticall band never gave up and proved everyone wrong.<\/p>\n\n\n\n<figure class=\"wp-block-image is-resized\"><img loading=\"lazy\" decoding=\"async\" src=\"https:\/\/irishmarchingbandsmedia.files.wordpress.com\/2018\/10\/img_e9664.jpg?w=736\" alt=\"IMG_E9664\" class=\"wp-image-96\" width=\"360\" height=\"644\" \/><\/figure>\n\n\n\n<p>This was the bands first Junior All Ireland title and their fourth Senior title in seven years. This was massive achievement for a band hailing from such a small area.<\/p>\n\n\n\n<p>After the results were announced all the bands quickly headed to the buses to be transported into Ennis town for their victory parade. Atticall band took part in the parade with a proud sense of achievement showing off their two new trophies to the thousands who had aligned the streets to witness\u00a0Irelands best bands.<\/p>\n\n\n\n<figure class=\"wp-block-image\"><img decoding=\"async\" src=\"https:\/\/irishmarchingbandsmedia.files.wordpress.com\/2018\/10\/img_e9704.jpg?w=736\" alt=\"IMG_E9704\" class=\"wp-image-254\" \/><\/figure>\n\n\n\n<p>The celebrations continued long into Sunday night and the band returned to Atticall on Monday night as double All Ireland Champions.<\/p>\n\n\n\n\n\n<h4 class=\"wp-block-heading\">Full 2016 Results;<\/h4>\n\n\n\n<p><strong>27F Banna\u00ed M\u00e1irse\u00e1la, Caird\u00edn \/ Accordion Marching Band (Faoi 18)<\/strong><br>1st Holy Cross Accordion Band, Attical, An D\u00fan<\/p>\n\n\n\n<p><strong>27D Banna\u00ed M\u00e1irse\u00e1la, Caird\u00edn \/ Accordion Marching Band (O18)<\/strong><br>1st Holy Cross Accordion Band, Attical, An D\u00fan<br>2nd St Brigid&#8217;s Accordion Band, Jonesborough, Ard Mhacha<\/p>\n\n\n\n<p><strong>28F Banna\u00ed M\u00e1irse\u00e1la, Fead\u00f3g Mh\u00f3r \/ Flute Marching Band (Faoi 18)<\/strong><br>1st Maghery Fife&amp;Flute<br>2nd Mullaghduff<\/p>\n\n\n\n<p><strong>28D Banna\u00ed M\u00e1irse\u00e1la, Fead\u00f3g Mh\u00f3r \/ Flute Marching Band (O18)<\/strong><br>1st Maghery Fife &amp; Drum, D\u00fan na nGall<br>2nd Mullaghduff, Mullaghduff, D\u00fan na nGall<\/p>\n\n\n\n<p><strong>29F Banna\u00ed M\u00e1irse\u00e1la, Rogha Ghl\u00e9as \/ Miscellaneous Marching Band (Faoi 18)<\/strong><br>1st Cloich Cheann Fhaola, CC\u00c9, Cloich Cheann Fhaola, D\u00fan na nGall<br>2nd Donegal Town, Donegal, Dun na nGall<br>3rd Miaghne Banna M\u00e1irse\u00e1la, Miaghne, Thurles, Co. Tipperary<\/p>\n\n\n\n<p><strong>29D Banna\u00ed M\u00e1irse\u00e1la, Rogha Ghl\u00e9as \/ Miscellaneous Marching Band (O18)<\/strong><br>1st Ramelton Town Snr Miscellaneous Band, CC\u00c9, D\u00fan na nGall<\/p>\n\n\n\n<p><strong>30E Banna\u00ed M\u00e1irse\u00e1la, P\u00edb \/ Pipe Marching Band (Aon Aois\/Any Age)<\/strong><br>1st Achill Pipe Band, Achill, Maigh Eo<br>2nd Dublin Fire Brigade Pipe Band, Dublin 2<\/p>\n\n\n\n<p><br><\/p>\n","protected":false},"excerpt":{"rendered":"<p>Over the coming weeks to get you \u2018fleadh ready\u2019 were taking a look at the biggest win at each fleadh<\/p>\n","protected":false},"author":1,"featured_media":0,"comment_status":"open","ping_status":"open","sticky":false,"template":"","format":"standard","meta":{"colormag_page_container_layout":"default_layout","colormag_page_sidebar_layout":"default_layout","jetpack_post_was_ever_published":false,"_jetpack_newsletter_access":"","_jetpack_dont_email_post_to_subs":false,"_jetpack_newsletter_tier_id":0,"_jetpack_memberships_contains_paywalled_content":false,"_jetpack_memberships_contains_paid_content":false,"footnotes":"","jetpack_publicize_message":"","jetpack_publicize_feature_enabled":true,"jetpack_social_post_already_shared":false,"jetpack_social_options":{"image_generator_settings":{"template":"highway","default_image_id":0,"font":"","enabled":false},"version":2}},"categories":[34],"tags":[],"class_list":["post-1656","post","type-post","status-publish","format-standard","hentry","category-fleadh-highlights"],"yoast_head":"<!-- This site is optimized with the Yoast SEO plugin v27.1.1 - https:\/\/yoast.com\/product\/yoast-seo-wordpress\/ -->\n<title>Fleadh Highlights; 2016 Atticall Band March to Historic Double in Ennis - Marching Bands Ireland<\/title>\n<meta name=\"robots\" content=\"index, follow, max-snippet:-1, max-image-preview:large, max-video-preview:-1\" \/>\n<link rel=\"canonical\" href=\"https:\/\/marchingbandsireland.com\/index.php\/2019\/07\/18\/fleadh-highlights-2016-atticall-band-march-to-historic-double-in-ennis\/\" \/>\n<meta property=\"og:locale\" content=\"en_US\" \/>\n<meta property=\"og:type\" content=\"article\" \/>\n<meta property=\"og:title\" content=\"Fleadh Highlights; 2016 Atticall Band March to Historic Double in Ennis - Marching Bands Ireland\" \/>\n<meta property=\"og:description\" content=\"Over the coming weeks to get you \u2018fleadh ready\u2019 were taking a look at the biggest win at each fleadh\" \/>\n<meta property=\"og:url\" content=\"https:\/\/marchingbandsireland.com\/index.php\/2019\/07\/18\/fleadh-highlights-2016-atticall-band-march-to-historic-double-in-ennis\/\" \/>\n<meta property=\"og:site_name\" content=\"Marching Bands Ireland\" \/>\n<meta property=\"article:published_time\" content=\"2019-07-18T10:02:58+00:00\" \/>\n<meta property=\"og:image\" content=\"https:\/\/irishmarchingbandsmedia.files.wordpress.com\/2018\/10\/img_e9702.jpg?w=750\" \/>\n<meta name=\"author\" content=\"johnmcglade150\" \/>\n<meta name=\"twitter:card\" content=\"summary_large_image\" \/>\n<meta name=\"twitter:label1\" content=\"Written by\" \/>\n\t<meta name=\"twitter:data1\" content=\"johnmcglade150\" \/>\n\t<meta name=\"twitter:label2\" content=\"Est. reading time\" \/>\n\t<meta name=\"twitter:data2\" content=\"2 minutes\" \/>\n<script type=\"application\/ld+json\" class=\"yoast-schema-graph\">{\"@context\":\"https:\/\/schema.org\",\"@graph\":[{\"@type\":\"Article\",\"@id\":\"https:\/\/marchingbandsireland.com\/index.php\/2019\/07\/18\/fleadh-highlights-2016-atticall-band-march-to-historic-double-in-ennis\/#article\",\"isPartOf\":{\"@id\":\"https:\/\/marchingbandsireland.com\/index.php\/2019\/07\/18\/fleadh-highlights-2016-atticall-band-march-to-historic-double-in-ennis\/\"},\"author\":{\"name\":\"johnmcglade150\",\"@id\":\"https:\/\/marchingbandsireland.com\/#\/schema\/person\/26a2622a4210130c7c9d4bd3d00f617d\"},\"headline\":\"Fleadh Highlights; 2016 Atticall Band March to Historic Double in Ennis\",\"datePublished\":\"2019-07-18T10:02:58+00:00\",\"mainEntityOfPage\":{\"@id\":\"https:\/\/marchingbandsireland.com\/index.php\/2019\/07\/18\/fleadh-highlights-2016-atticall-band-march-to-historic-double-in-ennis\/\"},\"wordCount\":434,\"commentCount\":0,\"publisher\":{\"@id\":\"https:\/\/marchingbandsireland.com\/#organization\"},\"image\":{\"@id\":\"https:\/\/marchingbandsireland.com\/index.php\/2019\/07\/18\/fleadh-highlights-2016-atticall-band-march-to-historic-double-in-ennis\/#primaryimage\"},\"thumbnailUrl\":\"https:\/\/irishmarchingbandsmedia.files.wordpress.com\/2018\/10\/img_e9702.jpg?w=750\",\"articleSection\":[\"Fleadh Highlights\"],\"inLanguage\":\"en-US\",\"potentialAction\":[{\"@type\":\"CommentAction\",\"name\":\"Comment\",\"target\":[\"https:\/\/marchingbandsireland.com\/index.php\/2019\/07\/18\/fleadh-highlights-2016-atticall-band-march-to-historic-double-in-ennis\/#respond\"]}]},{\"@type\":\"WebPage\",\"@id\":\"https:\/\/marchingbandsireland.com\/index.php\/2019\/07\/18\/fleadh-highlights-2016-atticall-band-march-to-historic-double-in-ennis\/\",\"url\":\"https:\/\/marchingbandsireland.com\/index.php\/2019\/07\/18\/fleadh-highlights-2016-atticall-band-march-to-historic-double-in-ennis\/\",\"name\":\"Fleadh Highlights; 2016 Atticall Band March to Historic Double in Ennis - Marching Bands Ireland\",\"isPartOf\":{\"@id\":\"https:\/\/marchingbandsireland.com\/#website\"},\"primaryImageOfPage\":{\"@id\":\"https:\/\/marchingbandsireland.com\/index.php\/2019\/07\/18\/fleadh-highlights-2016-atticall-band-march-to-historic-double-in-ennis\/#primaryimage\"},\"image\":{\"@id\":\"https:\/\/marchingbandsireland.com\/index.php\/2019\/07\/18\/fleadh-highlights-2016-atticall-band-march-to-historic-double-in-ennis\/#primaryimage\"},\"thumbnailUrl\":\"https:\/\/irishmarchingbandsmedia.files.wordpress.com\/2018\/10\/img_e9702.jpg?w=750\",\"datePublished\":\"2019-07-18T10:02:58+00:00\",\"breadcrumb\":{\"@id\":\"https:\/\/marchingbandsireland.com\/index.php\/2019\/07\/18\/fleadh-highlights-2016-atticall-band-march-to-historic-double-in-ennis\/#breadcrumb\"},\"inLanguage\":\"en-US\",\"potentialAction\":[{\"@type\":\"ReadAction\",\"target\":[\"https:\/\/marchingbandsireland.com\/index.php\/2019\/07\/18\/fleadh-highlights-2016-atticall-band-march-to-historic-double-in-ennis\/\"]}]},{\"@type\":\"ImageObject\",\"inLanguage\":\"en-US\",\"@id\":\"https:\/\/marchingbandsireland.com\/index.php\/2019\/07\/18\/fleadh-highlights-2016-atticall-band-march-to-historic-double-in-ennis\/#primaryimage\",\"url\":\"https:\/\/irishmarchingbandsmedia.files.wordpress.com\/2018\/10\/img_e9702.jpg?w=750\",\"contentUrl\":\"https:\/\/irishmarchingbandsmedia.files.wordpress.com\/2018\/10\/img_e9702.jpg?w=750\"},{\"@type\":\"BreadcrumbList\",\"@id\":\"https:\/\/marchingbandsireland.com\/index.php\/2019\/07\/18\/fleadh-highlights-2016-atticall-band-march-to-historic-double-in-ennis\/#breadcrumb\",\"itemListElement\":[{\"@type\":\"ListItem\",\"position\":1,\"name\":\"Home\",\"item\":\"https:\/\/marchingbandsireland.com\/\"},{\"@type\":\"ListItem\",\"position\":2,\"name\":\"Fleadh Highlights; 2016 Atticall Band March to Historic Double in Ennis\"}]},{\"@type\":\"WebSite\",\"@id\":\"https:\/\/marchingbandsireland.com\/#website\",\"url\":\"https:\/\/marchingbandsireland.com\/\",\"name\":\"Marching Bands Ireland\",\"description\":\"\",\"publisher\":{\"@id\":\"https:\/\/marchingbandsireland.com\/#organization\"},\"potentialAction\":[{\"@type\":\"SearchAction\",\"target\":{\"@type\":\"EntryPoint\",\"urlTemplate\":\"https:\/\/marchingbandsireland.com\/?s={search_term_string}\"},\"query-input\":{\"@type\":\"PropertyValueSpecification\",\"valueRequired\":true,\"valueName\":\"search_term_string\"}}],\"inLanguage\":\"en-US\"},{\"@type\":\"Organization\",\"@id\":\"https:\/\/marchingbandsireland.com\/#organization\",\"name\":\"Marching Bands Ireland\",\"url\":\"https:\/\/marchingbandsireland.com\/\",\"logo\":{\"@type\":\"ImageObject\",\"inLanguage\":\"en-US\",\"@id\":\"https:\/\/marchingbandsireland.com\/#\/schema\/logo\/image\/\",\"url\":\"https:\/\/marchingbandsireland.com\/wp-content\/uploads\/2019\/05\/cropped-cropped-cropped-cropped-screenshot-2019-05-15-at-18.28.12-1.png\",\"contentUrl\":\"https:\/\/marchingbandsireland.com\/wp-content\/uploads\/2019\/05\/cropped-cropped-cropped-cropped-screenshot-2019-05-15-at-18.28.12-1.png\",\"width\":163,\"height\":90,\"caption\":\"Marching Bands Ireland\"},\"image\":{\"@id\":\"https:\/\/marchingbandsireland.com\/#\/schema\/logo\/image\/\"}},{\"@type\":\"Person\",\"@id\":\"https:\/\/marchingbandsireland.com\/#\/schema\/person\/26a2622a4210130c7c9d4bd3d00f617d\",\"name\":\"johnmcglade150\",\"image\":{\"@type\":\"ImageObject\",\"inLanguage\":\"en-US\",\"@id\":\"https:\/\/marchingbandsireland.com\/#\/schema\/person\/image\/\",\"url\":\"https:\/\/secure.gravatar.com\/avatar\/979e9af104a71021e505c9a012ff3b37ecb062273885cec6058e097e00f35dc6?s=96&d=mm&r=g\",\"contentUrl\":\"https:\/\/secure.gravatar.com\/avatar\/979e9af104a71021e505c9a012ff3b37ecb062273885cec6058e097e00f35dc6?s=96&d=mm&r=g\",\"caption\":\"johnmcglade150\"},\"sameAs\":[\"https:\/\/marchingbandsireland.com\"],\"url\":\"https:\/\/marchingbandsireland.com\/index.php\/author\/johnmcglade150\/\"}]}<\/script>\n<!-- \/ Yoast SEO plugin. -->","yoast_head_json":{"title":"Fleadh Highlights; 2016 Atticall Band March to Historic Double in Ennis - Marching Bands Ireland","robots":{"index":"index","follow":"follow","max-snippet":"max-snippet:-1","max-image-preview":"max-image-preview:large","max-video-preview":"max-video-preview:-1"},"canonical":"https:\/\/marchingbandsireland.com\/index.php\/2019\/07\/18\/fleadh-highlights-2016-atticall-band-march-to-historic-double-in-ennis\/","og_locale":"en_US","og_type":"article","og_title":"Fleadh Highlights; 2016 Atticall Band March to Historic Double in Ennis - Marching Bands Ireland","og_description":"Over the coming weeks to get you \u2018fleadh ready\u2019 were taking a look at the biggest win at each fleadh","og_url":"https:\/\/marchingbandsireland.com\/index.php\/2019\/07\/18\/fleadh-highlights-2016-atticall-band-march-to-historic-double-in-ennis\/","og_site_name":"Marching Bands Ireland","article_published_time":"2019-07-18T10:02:58+00:00","og_image":[{"url":"https:\/\/irishmarchingbandsmedia.files.wordpress.com\/2018\/10\/img_e9702.jpg?w=750","type":"","width":"","height":""}],"author":"johnmcglade150","twitter_card":"summary_large_image","twitter_misc":{"Written by":"johnmcglade150","Est. reading time":"2 minutes"},"schema":{"@context":"https:\/\/schema.org","@graph":[{"@type":"Article","@id":"https:\/\/marchingbandsireland.com\/index.php\/2019\/07\/18\/fleadh-highlights-2016-atticall-band-march-to-historic-double-in-ennis\/#article","isPartOf":{"@id":"https:\/\/marchingbandsireland.com\/index.php\/2019\/07\/18\/fleadh-highlights-2016-atticall-band-march-to-historic-double-in-ennis\/"},"author":{"name":"johnmcglade150","@id":"https:\/\/marchingbandsireland.com\/#\/schema\/person\/26a2622a4210130c7c9d4bd3d00f617d"},"headline":"Fleadh Highlights; 2016 Atticall Band March to Historic Double in Ennis","datePublished":"2019-07-18T10:02:58+00:00","mainEntityOfPage":{"@id":"https:\/\/marchingbandsireland.com\/index.php\/2019\/07\/18\/fleadh-highlights-2016-atticall-band-march-to-historic-double-in-ennis\/"},"wordCount":434,"commentCount":0,"publisher":{"@id":"https:\/\/marchingbandsireland.com\/#organization"},"image":{"@id":"https:\/\/marchingbandsireland.com\/index.php\/2019\/07\/18\/fleadh-highlights-2016-atticall-band-march-to-historic-double-in-ennis\/#primaryimage"},"thumbnailUrl":"https:\/\/irishmarchingbandsmedia.files.wordpress.com\/2018\/10\/img_e9702.jpg?w=750","articleSection":["Fleadh Highlights"],"inLanguage":"en-US","potentialAction":[{"@type":"CommentAction","name":"Comment","target":["https:\/\/marchingbandsireland.com\/index.php\/2019\/07\/18\/fleadh-highlights-2016-atticall-band-march-to-historic-double-in-ennis\/#respond"]}]},{"@type":"WebPage","@id":"https:\/\/marchingbandsireland.com\/index.php\/2019\/07\/18\/fleadh-highlights-2016-atticall-band-march-to-historic-double-in-ennis\/","url":"https:\/\/marchingbandsireland.com\/index.php\/2019\/07\/18\/fleadh-highlights-2016-atticall-band-march-to-historic-double-in-ennis\/","name":"Fleadh Highlights; 2016 Atticall Band March to Historic Double in Ennis - Marching Bands Ireland","isPartOf":{"@id":"https:\/\/marchingbandsireland.com\/#website"},"primaryImageOfPage":{"@id":"https:\/\/marchingbandsireland.com\/index.php\/2019\/07\/18\/fleadh-highlights-2016-atticall-band-march-to-historic-double-in-ennis\/#primaryimage"},"image":{"@id":"https:\/\/marchingbandsireland.com\/index.php\/2019\/07\/18\/fleadh-highlights-2016-atticall-band-march-to-historic-double-in-ennis\/#primaryimage"},"thumbnailUrl":"https:\/\/irishmarchingbandsmedia.files.wordpress.com\/2018\/10\/img_e9702.jpg?w=750","datePublished":"2019-07-18T10:02:58+00:00","breadcrumb":{"@id":"https:\/\/marchingbandsireland.com\/index.php\/2019\/07\/18\/fleadh-highlights-2016-atticall-band-march-to-historic-double-in-ennis\/#breadcrumb"},"inLanguage":"en-US","potentialAction":[{"@type":"ReadAction","target":["https:\/\/marchingbandsireland.com\/index.php\/2019\/07\/18\/fleadh-highlights-2016-atticall-band-march-to-historic-double-in-ennis\/"]}]},{"@type":"ImageObject","inLanguage":"en-US","@id":"https:\/\/marchingbandsireland.com\/index.php\/2019\/07\/18\/fleadh-highlights-2016-atticall-band-march-to-historic-double-in-ennis\/#primaryimage","url":"https:\/\/irishmarchingbandsmedia.files.wordpress.com\/2018\/10\/img_e9702.jpg?w=750","contentUrl":"https:\/\/irishmarchingbandsmedia.files.wordpress.com\/2018\/10\/img_e9702.jpg?w=750"},{"@type":"BreadcrumbList","@id":"https:\/\/marchingbandsireland.com\/index.php\/2019\/07\/18\/fleadh-highlights-2016-atticall-band-march-to-historic-double-in-ennis\/#breadcrumb","itemListElement":[{"@type":"ListItem","position":1,"name":"Home","item":"https:\/\/marchingbandsireland.com\/"},{"@type":"ListItem","position":2,"name":"Fleadh Highlights; 2016 Atticall Band March to Historic Double in Ennis"}]},{"@type":"WebSite","@id":"https:\/\/marchingbandsireland.com\/#website","url":"https:\/\/marchingbandsireland.com\/","name":"Marching Bands Ireland","description":"","publisher":{"@id":"https:\/\/marchingbandsireland.com\/#organization"},"potentialAction":[{"@type":"SearchAction","target":{"@type":"EntryPoint","urlTemplate":"https:\/\/marchingbandsireland.com\/?s={search_term_string}"},"query-input":{"@type":"PropertyValueSpecification","valueRequired":true,"valueName":"search_term_string"}}],"inLanguage":"en-US"},{"@type":"Organization","@id":"https:\/\/marchingbandsireland.com\/#organization","name":"Marching Bands Ireland","url":"https:\/\/marchingbandsireland.com\/","logo":{"@type":"ImageObject","inLanguage":"en-US","@id":"https:\/\/marchingbandsireland.com\/#\/schema\/logo\/image\/","url":"https:\/\/marchingbandsireland.com\/wp-content\/uploads\/2019\/05\/cropped-cropped-cropped-cropped-screenshot-2019-05-15-at-18.28.12-1.png","contentUrl":"https:\/\/marchingbandsireland.com\/wp-content\/uploads\/2019\/05\/cropped-cropped-cropped-cropped-screenshot-2019-05-15-at-18.28.12-1.png","width":163,"height":90,"caption":"Marching Bands Ireland"},"image":{"@id":"https:\/\/marchingbandsireland.com\/#\/schema\/logo\/image\/"}},{"@type":"Person","@id":"https:\/\/marchingbandsireland.com\/#\/schema\/person\/26a2622a4210130c7c9d4bd3d00f617d","name":"johnmcglade150","image":{"@type":"ImageObject","inLanguage":"en-US","@id":"https:\/\/marchingbandsireland.com\/#\/schema\/person\/image\/","url":"https:\/\/secure.gravatar.com\/avatar\/979e9af104a71021e505c9a012ff3b37ecb062273885cec6058e097e00f35dc6?s=96&d=mm&r=g","contentUrl":"https:\/\/secure.gravatar.com\/avatar\/979e9af104a71021e505c9a012ff3b37ecb062273885cec6058e097e00f35dc6?s=96&d=mm&r=g","caption":"johnmcglade150"},"sameAs":["https:\/\/marchingbandsireland.com"],"url":"https:\/\/marchingbandsireland.com\/index.php\/author\/johnmcglade150\/"}]}},"jetpack_publicize_connections":[],"jetpack_featured_media_url":"","jetpack_sharing_enabled":true,"_links":{"self":[{"href":"https:\/\/marchingbandsireland.com\/index.php\/wp-json\/wp\/v2\/posts\/1656","targetHints":{"allow":["GET"]}}],"collection":[{"href":"https:\/\/marchingbandsireland.com\/index.php\/wp-json\/wp\/v2\/posts"}],"about":[{"href":"https:\/\/marchingbandsireland.com\/index.php\/wp-json\/wp\/v2\/types\/post"}],"author":[{"embeddable":true,"href":"https:\/\/marchingbandsireland.com\/index.php\/wp-json\/wp\/v2\/users\/1"}],"replies":[{"embeddable":true,"href":"https:\/\/marchingbandsireland.com\/index.php\/wp-json\/wp\/v2\/comments?post=1656"}],"version-history":[{"count":0,"href":"https:\/\/marchingbandsireland.com\/index.php\/wp-json\/wp\/v2\/posts\/1656\/revisions"}],"wp:attachment":[{"href":"https:\/\/marchingbandsireland.com\/index.php\/wp-json\/wp\/v2\/media?parent=1656"}],"wp:term":[{"taxonomy":"category","embeddable":true,"href":"https:\/\/marchingbandsireland.com\/index.php\/wp-json\/wp\/v2\/categories?post=1656"},{"taxonomy":"post_tag","embeddable":true,"href":"https:\/\/marchingbandsireland.com\/index.php\/wp-json\/wp\/v2\/tags?post=1656"}],"curies":[{"name":"wp","href":"https:\/\/api.w.org\/{rel}","templated":true}]}}