{"id":1622,"date":"2019-07-13T01:05:20","date_gmt":"2019-07-13T00:05:20","guid":{"rendered":"http:\/\/irishmarchingbandsmedia.com\/?p=1622"},"modified":"2019-07-13T01:05:20","modified_gmt":"2019-07-13T00:05:20","slug":"weekend-preview-leinster-fleadh-in-athboy-all-weekend","status":"publish","type":"post","link":"https:\/\/marchingbandsireland.com\/index.php\/2019\/07\/13\/weekend-preview-leinster-fleadh-in-athboy-all-weekend\/","title":{"rendered":"Weekend Preview; Leinster Fleadh in Athboy all Weekend"},"content":{"rendered":"\n<p>As Comhaltas Tlachtga prepare to host the 2019 Leinster Fleadh, preparations are well underway in Athboy and R\u00e1th Chairn for what promises to be an exciting week of events, workshops, competitions, concerts and much more.\u00a0 The competitions element of the Leinster Fleadh will see participants from throughout the county travel to compete to go through to the All-Ireland Fleadh Cheoil later in the summer, in Drogheda, while the events organised locally will have something for everyone.<\/p>\n\n\n\n<p>The small matter of the marching band competition takes place on Sunday, which like last weeks Connacht Fleadh has just two bands. In the Junior Accordion K and S Accordion Band are entered and in Junior Miscellaneous Sl\u00ed Dh\u00e1la, CC\u00c9, Sl\u00ed Dh\u00e1la, \u00c1tha Cliath will be competing. The suspense is killing me, not! Truthfully the only way these bands won&#8217;t make it through to the All Ireland is if they don&#8217;t show up. K and S so far seem to have no other competition for their All Ireland title so look set to retain that if they make it through on Sunday. Sl\u00ed Dh\u00e1la have a real shot winning the All Ireland this year with only one competitor looking likely to be against them in Drogheda, this could be their year.<br><\/p>\n\n\n\n<p>While the competitions element doesn\u2019t start till today, there has been a very busy and active programme of events taking place from when the Fleadh was launched on Monday 8th at 7.30pm in The Darnley Lodge Hotel. Local and visiting musicians have shared their talents in nightly sessions in local pubs and also in a series of \u2018Maidin Caf\u00e9 sessions in R\u00e1th Chairn and Sabrosa in Athboy. \u00a0Other daytime activities include historical tours of the area, children\u2019s summer camp and a pop up Gaeltacht.<br><\/p>\n\n\n\n<figure class=\"wp-block-image is-resized\"><img loading=\"lazy\" decoding=\"async\" src=\"https:\/\/irishmarchingbandsmedia.files.wordpress.com\/2019\/07\/screenshot-2019-07-12-at-01.01.04.png\" alt=\"\" class=\"wp-image-1623\" width=\"489\" height=\"211\" \/><\/figure>\n\n\n\n<p>One of the exciting elements and new to the Fleadh was a series of Inclusive Workshops in Athboy Convent Community Centre, facilitated by Tommy Hayes of Stockton\u2019s Wing fame. They were held daily from Monday and finish today.<\/p>\n\n\n\n<p><br>A series of Free Open Air Concerts in Athboy\u2019s beautifully developed Fairgreen on Friday, Saturday and Sunday will see top Irish bands including Dervish, John Spillane and teh Raw Bar Collective\u00a0 perform, while sessions will continue both on the street and in local venues.<br>Comhaltas competitions got underway on yesterday with the Dance competitions out in R\u00e1th Chairn, while instrumental, singing and comhr\u00e1 Gaeilge competitions take place in various venues around Athboy today and tomorrow. \u00a0A full timetable and venue listing is available online at\u00a0<a href=\"http:\/\/www.leinsterfleadh.ie\/\">www.leinsterfleadh.ie<\/a><\/p>\n\n\n\n<p>On Monday we&#8217;ll have all the latest from the Leinster Fleadh and we&#8217;ll have an update on the Munster Fleadh competing  marching bands.<\/p>\n","protected":false},"excerpt":{"rendered":"<p>As Comhaltas Tlachtga prepare to host the 2019 Leinster Fleadh, preparations are well underway in Athboy and R\u00e1th Chairn for<\/p>\n","protected":false},"author":1,"featured_media":0,"comment_status":"open","ping_status":"open","sticky":false,"template":"","format":"standard","meta":{"colormag_page_container_layout":"default_layout","colormag_page_sidebar_layout":"default_layout","jetpack_post_was_ever_published":false,"_jetpack_newsletter_access":"","_jetpack_dont_email_post_to_subs":false,"_jetpack_newsletter_tier_id":0,"_jetpack_memberships_contains_paywalled_content":false,"_jetpack_memberships_contains_paid_content":false,"footnotes":"","jetpack_publicize_message":"","jetpack_publicize_feature_enabled":true,"jetpack_social_post_already_shared":false,"jetpack_social_options":{"image_generator_settings":{"template":"highway","default_image_id":0,"font":"","enabled":false},"version":2}},"categories":[15],"tags":[],"class_list":["post-1622","post","type-post","status-publish","format-standard","hentry","category-marching-bands"],"yoast_head":"<!-- This site is optimized with the Yoast SEO plugin v27.1.1 - https:\/\/yoast.com\/product\/yoast-seo-wordpress\/ -->\n<title>Weekend Preview; Leinster Fleadh in Athboy all Weekend - Marching Bands Ireland<\/title>\n<meta name=\"robots\" content=\"index, follow, max-snippet:-1, max-image-preview:large, max-video-preview:-1\" \/>\n<link rel=\"canonical\" href=\"https:\/\/marchingbandsireland.com\/index.php\/2019\/07\/13\/weekend-preview-leinster-fleadh-in-athboy-all-weekend\/\" \/>\n<meta property=\"og:locale\" content=\"en_US\" \/>\n<meta property=\"og:type\" content=\"article\" \/>\n<meta property=\"og:title\" content=\"Weekend Preview; Leinster Fleadh in Athboy all Weekend - Marching Bands Ireland\" \/>\n<meta property=\"og:description\" content=\"As Comhaltas Tlachtga prepare to host the 2019 Leinster Fleadh, preparations are well underway in Athboy and R\u00e1th Chairn for\" \/>\n<meta property=\"og:url\" content=\"https:\/\/marchingbandsireland.com\/index.php\/2019\/07\/13\/weekend-preview-leinster-fleadh-in-athboy-all-weekend\/\" \/>\n<meta property=\"og:site_name\" content=\"Marching Bands Ireland\" \/>\n<meta property=\"article:published_time\" content=\"2019-07-13T00:05:20+00:00\" \/>\n<meta name=\"author\" content=\"johnmcglade150\" \/>\n<meta name=\"twitter:card\" content=\"summary_large_image\" \/>\n<meta name=\"twitter:label1\" content=\"Written by\" \/>\n\t<meta name=\"twitter:data1\" content=\"johnmcglade150\" \/>\n\t<meta name=\"twitter:label2\" content=\"Est. reading time\" \/>\n\t<meta name=\"twitter:data2\" content=\"2 minutes\" \/>\n<script type=\"application\/ld+json\" class=\"yoast-schema-graph\">{\"@context\":\"https:\/\/schema.org\",\"@graph\":[{\"@type\":\"Article\",\"@id\":\"https:\/\/marchingbandsireland.com\/index.php\/2019\/07\/13\/weekend-preview-leinster-fleadh-in-athboy-all-weekend\/#article\",\"isPartOf\":{\"@id\":\"https:\/\/marchingbandsireland.com\/index.php\/2019\/07\/13\/weekend-preview-leinster-fleadh-in-athboy-all-weekend\/\"},\"author\":{\"name\":\"johnmcglade150\",\"@id\":\"https:\/\/marchingbandsireland.com\/#\/schema\/person\/26a2622a4210130c7c9d4bd3d00f617d\"},\"headline\":\"Weekend Preview; Leinster Fleadh in Athboy all Weekend\",\"datePublished\":\"2019-07-13T00:05:20+00:00\",\"mainEntityOfPage\":{\"@id\":\"https:\/\/marchingbandsireland.com\/index.php\/2019\/07\/13\/weekend-preview-leinster-fleadh-in-athboy-all-weekend\/\"},\"wordCount\":461,\"commentCount\":0,\"publisher\":{\"@id\":\"https:\/\/marchingbandsireland.com\/#organization\"},\"image\":{\"@id\":\"https:\/\/marchingbandsireland.com\/index.php\/2019\/07\/13\/weekend-preview-leinster-fleadh-in-athboy-all-weekend\/#primaryimage\"},\"thumbnailUrl\":\"https:\/\/irishmarchingbandsmedia.files.wordpress.com\/2019\/07\/screenshot-2019-07-12-at-01.01.04.png\",\"articleSection\":[\"Marching Bands\"],\"inLanguage\":\"en-US\",\"potentialAction\":[{\"@type\":\"CommentAction\",\"name\":\"Comment\",\"target\":[\"https:\/\/marchingbandsireland.com\/index.php\/2019\/07\/13\/weekend-preview-leinster-fleadh-in-athboy-all-weekend\/#respond\"]}]},{\"@type\":\"WebPage\",\"@id\":\"https:\/\/marchingbandsireland.com\/index.php\/2019\/07\/13\/weekend-preview-leinster-fleadh-in-athboy-all-weekend\/\",\"url\":\"https:\/\/marchingbandsireland.com\/index.php\/2019\/07\/13\/weekend-preview-leinster-fleadh-in-athboy-all-weekend\/\",\"name\":\"Weekend Preview; Leinster Fleadh in Athboy all Weekend - Marching Bands Ireland\",\"isPartOf\":{\"@id\":\"https:\/\/marchingbandsireland.com\/#website\"},\"primaryImageOfPage\":{\"@id\":\"https:\/\/marchingbandsireland.com\/index.php\/2019\/07\/13\/weekend-preview-leinster-fleadh-in-athboy-all-weekend\/#primaryimage\"},\"image\":{\"@id\":\"https:\/\/marchingbandsireland.com\/index.php\/2019\/07\/13\/weekend-preview-leinster-fleadh-in-athboy-all-weekend\/#primaryimage\"},\"thumbnailUrl\":\"https:\/\/irishmarchingbandsmedia.files.wordpress.com\/2019\/07\/screenshot-2019-07-12-at-01.01.04.png\",\"datePublished\":\"2019-07-13T00:05:20+00:00\",\"breadcrumb\":{\"@id\":\"https:\/\/marchingbandsireland.com\/index.php\/2019\/07\/13\/weekend-preview-leinster-fleadh-in-athboy-all-weekend\/#breadcrumb\"},\"inLanguage\":\"en-US\",\"potentialAction\":[{\"@type\":\"ReadAction\",\"target\":[\"https:\/\/marchingbandsireland.com\/index.php\/2019\/07\/13\/weekend-preview-leinster-fleadh-in-athboy-all-weekend\/\"]}]},{\"@type\":\"ImageObject\",\"inLanguage\":\"en-US\",\"@id\":\"https:\/\/marchingbandsireland.com\/index.php\/2019\/07\/13\/weekend-preview-leinster-fleadh-in-athboy-all-weekend\/#primaryimage\",\"url\":\"https:\/\/irishmarchingbandsmedia.files.wordpress.com\/2019\/07\/screenshot-2019-07-12-at-01.01.04.png\",\"contentUrl\":\"https:\/\/irishmarchingbandsmedia.files.wordpress.com\/2019\/07\/screenshot-2019-07-12-at-01.01.04.png\"},{\"@type\":\"BreadcrumbList\",\"@id\":\"https:\/\/marchingbandsireland.com\/index.php\/2019\/07\/13\/weekend-preview-leinster-fleadh-in-athboy-all-weekend\/#breadcrumb\",\"itemListElement\":[{\"@type\":\"ListItem\",\"position\":1,\"name\":\"Home\",\"item\":\"https:\/\/marchingbandsireland.com\/\"},{\"@type\":\"ListItem\",\"position\":2,\"name\":\"Weekend Preview; Leinster Fleadh in Athboy all Weekend\"}]},{\"@type\":\"WebSite\",\"@id\":\"https:\/\/marchingbandsireland.com\/#website\",\"url\":\"https:\/\/marchingbandsireland.com\/\",\"name\":\"Marching Bands Ireland\",\"description\":\"\",\"publisher\":{\"@id\":\"https:\/\/marchingbandsireland.com\/#organization\"},\"potentialAction\":[{\"@type\":\"SearchAction\",\"target\":{\"@type\":\"EntryPoint\",\"urlTemplate\":\"https:\/\/marchingbandsireland.com\/?s={search_term_string}\"},\"query-input\":{\"@type\":\"PropertyValueSpecification\",\"valueRequired\":true,\"valueName\":\"search_term_string\"}}],\"inLanguage\":\"en-US\"},{\"@type\":\"Organization\",\"@id\":\"https:\/\/marchingbandsireland.com\/#organization\",\"name\":\"Marching Bands Ireland\",\"url\":\"https:\/\/marchingbandsireland.com\/\",\"logo\":{\"@type\":\"ImageObject\",\"inLanguage\":\"en-US\",\"@id\":\"https:\/\/marchingbandsireland.com\/#\/schema\/logo\/image\/\",\"url\":\"https:\/\/marchingbandsireland.com\/wp-content\/uploads\/2019\/05\/cropped-cropped-cropped-cropped-screenshot-2019-05-15-at-18.28.12-1.png\",\"contentUrl\":\"https:\/\/marchingbandsireland.com\/wp-content\/uploads\/2019\/05\/cropped-cropped-cropped-cropped-screenshot-2019-05-15-at-18.28.12-1.png\",\"width\":163,\"height\":90,\"caption\":\"Marching Bands Ireland\"},\"image\":{\"@id\":\"https:\/\/marchingbandsireland.com\/#\/schema\/logo\/image\/\"}},{\"@type\":\"Person\",\"@id\":\"https:\/\/marchingbandsireland.com\/#\/schema\/person\/26a2622a4210130c7c9d4bd3d00f617d\",\"name\":\"johnmcglade150\",\"image\":{\"@type\":\"ImageObject\",\"inLanguage\":\"en-US\",\"@id\":\"https:\/\/marchingbandsireland.com\/#\/schema\/person\/image\/\",\"url\":\"https:\/\/secure.gravatar.com\/avatar\/979e9af104a71021e505c9a012ff3b37ecb062273885cec6058e097e00f35dc6?s=96&d=mm&r=g\",\"contentUrl\":\"https:\/\/secure.gravatar.com\/avatar\/979e9af104a71021e505c9a012ff3b37ecb062273885cec6058e097e00f35dc6?s=96&d=mm&r=g\",\"caption\":\"johnmcglade150\"},\"sameAs\":[\"https:\/\/marchingbandsireland.com\"],\"url\":\"https:\/\/marchingbandsireland.com\/index.php\/author\/johnmcglade150\/\"}]}<\/script>\n<!-- \/ Yoast SEO plugin. -->","yoast_head_json":{"title":"Weekend Preview; Leinster Fleadh in Athboy all Weekend - Marching Bands Ireland","robots":{"index":"index","follow":"follow","max-snippet":"max-snippet:-1","max-image-preview":"max-image-preview:large","max-video-preview":"max-video-preview:-1"},"canonical":"https:\/\/marchingbandsireland.com\/index.php\/2019\/07\/13\/weekend-preview-leinster-fleadh-in-athboy-all-weekend\/","og_locale":"en_US","og_type":"article","og_title":"Weekend Preview; Leinster Fleadh in Athboy all Weekend - Marching Bands Ireland","og_description":"As Comhaltas Tlachtga prepare to host the 2019 Leinster Fleadh, preparations are well underway in Athboy and R\u00e1th Chairn for","og_url":"https:\/\/marchingbandsireland.com\/index.php\/2019\/07\/13\/weekend-preview-leinster-fleadh-in-athboy-all-weekend\/","og_site_name":"Marching Bands Ireland","article_published_time":"2019-07-13T00:05:20+00:00","author":"johnmcglade150","twitter_card":"summary_large_image","twitter_misc":{"Written by":"johnmcglade150","Est. reading time":"2 minutes"},"schema":{"@context":"https:\/\/schema.org","@graph":[{"@type":"Article","@id":"https:\/\/marchingbandsireland.com\/index.php\/2019\/07\/13\/weekend-preview-leinster-fleadh-in-athboy-all-weekend\/#article","isPartOf":{"@id":"https:\/\/marchingbandsireland.com\/index.php\/2019\/07\/13\/weekend-preview-leinster-fleadh-in-athboy-all-weekend\/"},"author":{"name":"johnmcglade150","@id":"https:\/\/marchingbandsireland.com\/#\/schema\/person\/26a2622a4210130c7c9d4bd3d00f617d"},"headline":"Weekend Preview; Leinster Fleadh in Athboy all Weekend","datePublished":"2019-07-13T00:05:20+00:00","mainEntityOfPage":{"@id":"https:\/\/marchingbandsireland.com\/index.php\/2019\/07\/13\/weekend-preview-leinster-fleadh-in-athboy-all-weekend\/"},"wordCount":461,"commentCount":0,"publisher":{"@id":"https:\/\/marchingbandsireland.com\/#organization"},"image":{"@id":"https:\/\/marchingbandsireland.com\/index.php\/2019\/07\/13\/weekend-preview-leinster-fleadh-in-athboy-all-weekend\/#primaryimage"},"thumbnailUrl":"https:\/\/irishmarchingbandsmedia.files.wordpress.com\/2019\/07\/screenshot-2019-07-12-at-01.01.04.png","articleSection":["Marching Bands"],"inLanguage":"en-US","potentialAction":[{"@type":"CommentAction","name":"Comment","target":["https:\/\/marchingbandsireland.com\/index.php\/2019\/07\/13\/weekend-preview-leinster-fleadh-in-athboy-all-weekend\/#respond"]}]},{"@type":"WebPage","@id":"https:\/\/marchingbandsireland.com\/index.php\/2019\/07\/13\/weekend-preview-leinster-fleadh-in-athboy-all-weekend\/","url":"https:\/\/marchingbandsireland.com\/index.php\/2019\/07\/13\/weekend-preview-leinster-fleadh-in-athboy-all-weekend\/","name":"Weekend Preview; Leinster Fleadh in Athboy all Weekend - Marching Bands Ireland","isPartOf":{"@id":"https:\/\/marchingbandsireland.com\/#website"},"primaryImageOfPage":{"@id":"https:\/\/marchingbandsireland.com\/index.php\/2019\/07\/13\/weekend-preview-leinster-fleadh-in-athboy-all-weekend\/#primaryimage"},"image":{"@id":"https:\/\/marchingbandsireland.com\/index.php\/2019\/07\/13\/weekend-preview-leinster-fleadh-in-athboy-all-weekend\/#primaryimage"},"thumbnailUrl":"https:\/\/irishmarchingbandsmedia.files.wordpress.com\/2019\/07\/screenshot-2019-07-12-at-01.01.04.png","datePublished":"2019-07-13T00:05:20+00:00","breadcrumb":{"@id":"https:\/\/marchingbandsireland.com\/index.php\/2019\/07\/13\/weekend-preview-leinster-fleadh-in-athboy-all-weekend\/#breadcrumb"},"inLanguage":"en-US","potentialAction":[{"@type":"ReadAction","target":["https:\/\/marchingbandsireland.com\/index.php\/2019\/07\/13\/weekend-preview-leinster-fleadh-in-athboy-all-weekend\/"]}]},{"@type":"ImageObject","inLanguage":"en-US","@id":"https:\/\/marchingbandsireland.com\/index.php\/2019\/07\/13\/weekend-preview-leinster-fleadh-in-athboy-all-weekend\/#primaryimage","url":"https:\/\/irishmarchingbandsmedia.files.wordpress.com\/2019\/07\/screenshot-2019-07-12-at-01.01.04.png","contentUrl":"https:\/\/irishmarchingbandsmedia.files.wordpress.com\/2019\/07\/screenshot-2019-07-12-at-01.01.04.png"},{"@type":"BreadcrumbList","@id":"https:\/\/marchingbandsireland.com\/index.php\/2019\/07\/13\/weekend-preview-leinster-fleadh-in-athboy-all-weekend\/#breadcrumb","itemListElement":[{"@type":"ListItem","position":1,"name":"Home","item":"https:\/\/marchingbandsireland.com\/"},{"@type":"ListItem","position":2,"name":"Weekend Preview; Leinster Fleadh in Athboy all Weekend"}]},{"@type":"WebSite","@id":"https:\/\/marchingbandsireland.com\/#website","url":"https:\/\/marchingbandsireland.com\/","name":"Marching Bands Ireland","description":"","publisher":{"@id":"https:\/\/marchingbandsireland.com\/#organization"},"potentialAction":[{"@type":"SearchAction","target":{"@type":"EntryPoint","urlTemplate":"https:\/\/marchingbandsireland.com\/?s={search_term_string}"},"query-input":{"@type":"PropertyValueSpecification","valueRequired":true,"valueName":"search_term_string"}}],"inLanguage":"en-US"},{"@type":"Organization","@id":"https:\/\/marchingbandsireland.com\/#organization","name":"Marching Bands Ireland","url":"https:\/\/marchingbandsireland.com\/","logo":{"@type":"ImageObject","inLanguage":"en-US","@id":"https:\/\/marchingbandsireland.com\/#\/schema\/logo\/image\/","url":"https:\/\/marchingbandsireland.com\/wp-content\/uploads\/2019\/05\/cropped-cropped-cropped-cropped-screenshot-2019-05-15-at-18.28.12-1.png","contentUrl":"https:\/\/marchingbandsireland.com\/wp-content\/uploads\/2019\/05\/cropped-cropped-cropped-cropped-screenshot-2019-05-15-at-18.28.12-1.png","width":163,"height":90,"caption":"Marching Bands Ireland"},"image":{"@id":"https:\/\/marchingbandsireland.com\/#\/schema\/logo\/image\/"}},{"@type":"Person","@id":"https:\/\/marchingbandsireland.com\/#\/schema\/person\/26a2622a4210130c7c9d4bd3d00f617d","name":"johnmcglade150","image":{"@type":"ImageObject","inLanguage":"en-US","@id":"https:\/\/marchingbandsireland.com\/#\/schema\/person\/image\/","url":"https:\/\/secure.gravatar.com\/avatar\/979e9af104a71021e505c9a012ff3b37ecb062273885cec6058e097e00f35dc6?s=96&d=mm&r=g","contentUrl":"https:\/\/secure.gravatar.com\/avatar\/979e9af104a71021e505c9a012ff3b37ecb062273885cec6058e097e00f35dc6?s=96&d=mm&r=g","caption":"johnmcglade150"},"sameAs":["https:\/\/marchingbandsireland.com"],"url":"https:\/\/marchingbandsireland.com\/index.php\/author\/johnmcglade150\/"}]}},"jetpack_publicize_connections":[],"jetpack_featured_media_url":"","jetpack_sharing_enabled":true,"_links":{"self":[{"href":"https:\/\/marchingbandsireland.com\/index.php\/wp-json\/wp\/v2\/posts\/1622","targetHints":{"allow":["GET"]}}],"collection":[{"href":"https:\/\/marchingbandsireland.com\/index.php\/wp-json\/wp\/v2\/posts"}],"about":[{"href":"https:\/\/marchingbandsireland.com\/index.php\/wp-json\/wp\/v2\/types\/post"}],"author":[{"embeddable":true,"href":"https:\/\/marchingbandsireland.com\/index.php\/wp-json\/wp\/v2\/users\/1"}],"replies":[{"embeddable":true,"href":"https:\/\/marchingbandsireland.com\/index.php\/wp-json\/wp\/v2\/comments?post=1622"}],"version-history":[{"count":0,"href":"https:\/\/marchingbandsireland.com\/index.php\/wp-json\/wp\/v2\/posts\/1622\/revisions"}],"wp:attachment":[{"href":"https:\/\/marchingbandsireland.com\/index.php\/wp-json\/wp\/v2\/media?parent=1622"}],"wp:term":[{"taxonomy":"category","embeddable":true,"href":"https:\/\/marchingbandsireland.com\/index.php\/wp-json\/wp\/v2\/categories?post=1622"},{"taxonomy":"post_tag","embeddable":true,"href":"https:\/\/marchingbandsireland.com\/index.php\/wp-json\/wp\/v2\/tags?post=1622"}],"curies":[{"name":"wp","href":"https:\/\/api.w.org\/{rel}","templated":true}]}}