{"id":1526,"date":"2019-06-28T09:41:50","date_gmt":"2019-06-28T08:41:50","guid":{"rendered":"http:\/\/irishmarchingbandsmedia.com\/?p=1526"},"modified":"2019-06-28T09:41:50","modified_gmt":"2019-06-28T08:41:50","slug":"weekend-preview-tyrone-fleadh-the-final-county","status":"publish","type":"post","link":"https:\/\/marchingbandsireland.com\/index.php\/2019\/06\/28\/weekend-preview-tyrone-fleadh-the-final-county\/","title":{"rendered":"Weekend Preview; Tyrone Fleadh the Final County"},"content":{"rendered":"\n<p>Musicians across Ulster are preparing for a busy summer as the Comhaltas Ceolt\u00f3ir\u00ed \u00c9ireann 2019 County Fleadhanna get into full swing.<\/p>\n\n\n\n<div class=\"wp-block-image\"><figure class=\"alignleft\"><img loading=\"lazy\" decoding=\"async\" width=\"375\" height=\"244\" src=\"https:\/\/irishmarchingbandsmedia.files.wordpress.com\/2019\/06\/screenshot-2019-06-28-at-01.55.05.png\" alt=\"\" class=\"wp-image-1527\" srcset=\"https:\/\/marchingbandsireland.com\/wp-content\/uploads\/2019\/06\/screenshot-2019-06-28-at-01.55.05.png 375w, https:\/\/marchingbandsireland.com\/wp-content\/uploads\/2019\/06\/screenshot-2019-06-28-at-01.55.05-300x195.png 300w\" sizes=\"auto, (max-width: 375px) 100vw, 375px\" \/><\/figure><\/div>\n\n\n\n<p>This weekend sees the final county Fleadh in Tyrone. It presents excellent opportunities for musicians of all ages to participate and showcase their unique musical talent whilst each County has a colourful itinerary that will be enjoyable for visitors far and wide.<\/p>\n\n\n\n<p>Omagh town will be the proud to host of the annual Tyrone Fleadh finishing on the 30th June 2019. It will be a weekend a filled with open music sessions, concerts and competitions for locals and visitors far and wide.<\/p>\n\n\n\n<p>The final day sees a huge Fleadh Parade with 10 marching bands participating commencing at 5;30pm. Theres also two competitors in the marching band competitions, one in the flute section and one in pipes.<\/p>\n\n\n\n<p><strong>Friday 28 June 2019&nbsp;<\/strong><br>7 pm \u2013 Official Opening of the Fleadh @ Strule Arts Centre with Artie Mc Glynn, Nollaig Tracey and friends. MC by Lynette Fay. Free event.<br>9pm \u2013 Session in various pubs throughout the town. Free event.<\/p>\n\n\n\n<p><strong>Saturday 29 June 2019<\/strong><br>10am \u2013 5pm \u2013 Competitions @ Christian Brothers School, Omagh.<br>2pm \u2013 8pm \u2013 Street Music Entertainment @ Strule Arts Centre. Free event.<br>9pm \u2013 Fir Ceili @ St Joseph\u2019s Hall. Music by McGlone Brothers.<br>5pm \u2013 late \u2013 Session in various pubs throughout the town. Free event.<\/p>\n\n\n\n<p><strong>Sunday 30 June 2019&nbsp;<\/strong><br>9am \u2013 Fleadh Mass @ Sacred Heart Chapel. Music by Omagh Comhaltas Members.<br>10am \u2013 5pm \u2013 Competitions @ Christian Brothers School, Omagh<br>5.30pm \u2013 6.30 pm Fleadh Cultural Parade on Omagh Main Street. 10 marching bands, vintage rally, floats etc.&nbsp;<strong>Tune in the Street @ 6pm \u201cMountains of Pomeroy\u201d<\/strong>. Free event.<br>2pm \u2013 8pm \u2013 Street Music Entertainment @ Strule Arts Centre. Free event.<br>5pm \u2013 late \u2013 Session in various pubs throughout the town. Free event.<\/p>\n\n\n\n<p>For further information, please contact Tresaine McAnenly via email on:&nbsp;omaghcomhaltas@gmail.com<\/p>\n","protected":false},"excerpt":{"rendered":"<p>Musicians across Ulster are preparing for a busy summer as the Comhaltas Ceolt\u00f3ir\u00ed \u00c9ireann 2019 County Fleadhanna get into full<\/p>\n","protected":false},"author":1,"featured_media":0,"comment_status":"open","ping_status":"open","sticky":false,"template":"","format":"standard","meta":{"colormag_page_container_layout":"default_layout","colormag_page_sidebar_layout":"default_layout","jetpack_post_was_ever_published":false,"_jetpack_newsletter_access":"","_jetpack_dont_email_post_to_subs":false,"_jetpack_newsletter_tier_id":0,"_jetpack_memberships_contains_paywalled_content":false,"_jetpack_memberships_contains_paid_content":false,"footnotes":"","jetpack_publicize_message":"","jetpack_publicize_feature_enabled":true,"jetpack_social_post_already_shared":false,"jetpack_social_options":{"image_generator_settings":{"template":"highway","default_image_id":0,"font":"","enabled":false},"version":2}},"categories":[30],"tags":[],"class_list":["post-1526","post","type-post","status-publish","format-standard","hentry","category-weekend-preview"],"yoast_head":"<!-- This site is optimized with the Yoast SEO plugin v27.1.1 - https:\/\/yoast.com\/product\/yoast-seo-wordpress\/ -->\n<title>Weekend Preview; Tyrone Fleadh the Final County - Marching Bands Ireland<\/title>\n<meta name=\"robots\" content=\"index, follow, max-snippet:-1, max-image-preview:large, max-video-preview:-1\" \/>\n<link rel=\"canonical\" href=\"https:\/\/marchingbandsireland.com\/index.php\/2019\/06\/28\/weekend-preview-tyrone-fleadh-the-final-county\/\" \/>\n<meta property=\"og:locale\" content=\"en_US\" \/>\n<meta property=\"og:type\" content=\"article\" \/>\n<meta property=\"og:title\" content=\"Weekend Preview; Tyrone Fleadh the Final County - Marching Bands Ireland\" \/>\n<meta property=\"og:description\" content=\"Musicians across Ulster are preparing for a busy summer as the Comhaltas Ceolt\u00f3ir\u00ed \u00c9ireann 2019 County Fleadhanna get into full\" \/>\n<meta property=\"og:url\" content=\"https:\/\/marchingbandsireland.com\/index.php\/2019\/06\/28\/weekend-preview-tyrone-fleadh-the-final-county\/\" \/>\n<meta property=\"og:site_name\" content=\"Marching Bands Ireland\" \/>\n<meta property=\"article:published_time\" content=\"2019-06-28T08:41:50+00:00\" \/>\n<meta property=\"og:image\" content=\"https:\/\/marchingbandsireland.com\/wp-content\/uploads\/2019\/06\/screenshot-2019-06-28-at-01.55.05.png\" \/>\n\t<meta property=\"og:image:width\" content=\"375\" \/>\n\t<meta property=\"og:image:height\" content=\"244\" \/>\n\t<meta property=\"og:image:type\" content=\"image\/png\" \/>\n<meta name=\"author\" content=\"johnmcglade150\" \/>\n<meta name=\"twitter:card\" content=\"summary_large_image\" \/>\n<meta name=\"twitter:label1\" content=\"Written by\" \/>\n\t<meta name=\"twitter:data1\" content=\"johnmcglade150\" \/>\n\t<meta name=\"twitter:label2\" content=\"Est. reading time\" \/>\n\t<meta name=\"twitter:data2\" content=\"1 minute\" \/>\n<script type=\"application\/ld+json\" class=\"yoast-schema-graph\">{\"@context\":\"https:\/\/schema.org\",\"@graph\":[{\"@type\":\"Article\",\"@id\":\"https:\/\/marchingbandsireland.com\/index.php\/2019\/06\/28\/weekend-preview-tyrone-fleadh-the-final-county\/#article\",\"isPartOf\":{\"@id\":\"https:\/\/marchingbandsireland.com\/index.php\/2019\/06\/28\/weekend-preview-tyrone-fleadh-the-final-county\/\"},\"author\":{\"name\":\"johnmcglade150\",\"@id\":\"https:\/\/marchingbandsireland.com\/#\/schema\/person\/26a2622a4210130c7c9d4bd3d00f617d\"},\"headline\":\"Weekend Preview; Tyrone Fleadh the Final County\",\"datePublished\":\"2019-06-28T08:41:50+00:00\",\"mainEntityOfPage\":{\"@id\":\"https:\/\/marchingbandsireland.com\/index.php\/2019\/06\/28\/weekend-preview-tyrone-fleadh-the-final-county\/\"},\"wordCount\":301,\"commentCount\":0,\"publisher\":{\"@id\":\"https:\/\/marchingbandsireland.com\/#organization\"},\"image\":{\"@id\":\"https:\/\/marchingbandsireland.com\/index.php\/2019\/06\/28\/weekend-preview-tyrone-fleadh-the-final-county\/#primaryimage\"},\"thumbnailUrl\":\"https:\/\/irishmarchingbandsmedia.files.wordpress.com\/2019\/06\/screenshot-2019-06-28-at-01.55.05.png\",\"articleSection\":[\"Weekend Preview\"],\"inLanguage\":\"en-US\",\"potentialAction\":[{\"@type\":\"CommentAction\",\"name\":\"Comment\",\"target\":[\"https:\/\/marchingbandsireland.com\/index.php\/2019\/06\/28\/weekend-preview-tyrone-fleadh-the-final-county\/#respond\"]}]},{\"@type\":\"WebPage\",\"@id\":\"https:\/\/marchingbandsireland.com\/index.php\/2019\/06\/28\/weekend-preview-tyrone-fleadh-the-final-county\/\",\"url\":\"https:\/\/marchingbandsireland.com\/index.php\/2019\/06\/28\/weekend-preview-tyrone-fleadh-the-final-county\/\",\"name\":\"Weekend Preview; Tyrone Fleadh the Final County - Marching Bands Ireland\",\"isPartOf\":{\"@id\":\"https:\/\/marchingbandsireland.com\/#website\"},\"primaryImageOfPage\":{\"@id\":\"https:\/\/marchingbandsireland.com\/index.php\/2019\/06\/28\/weekend-preview-tyrone-fleadh-the-final-county\/#primaryimage\"},\"image\":{\"@id\":\"https:\/\/marchingbandsireland.com\/index.php\/2019\/06\/28\/weekend-preview-tyrone-fleadh-the-final-county\/#primaryimage\"},\"thumbnailUrl\":\"https:\/\/irishmarchingbandsmedia.files.wordpress.com\/2019\/06\/screenshot-2019-06-28-at-01.55.05.png\",\"datePublished\":\"2019-06-28T08:41:50+00:00\",\"breadcrumb\":{\"@id\":\"https:\/\/marchingbandsireland.com\/index.php\/2019\/06\/28\/weekend-preview-tyrone-fleadh-the-final-county\/#breadcrumb\"},\"inLanguage\":\"en-US\",\"potentialAction\":[{\"@type\":\"ReadAction\",\"target\":[\"https:\/\/marchingbandsireland.com\/index.php\/2019\/06\/28\/weekend-preview-tyrone-fleadh-the-final-county\/\"]}]},{\"@type\":\"ImageObject\",\"inLanguage\":\"en-US\",\"@id\":\"https:\/\/marchingbandsireland.com\/index.php\/2019\/06\/28\/weekend-preview-tyrone-fleadh-the-final-county\/#primaryimage\",\"url\":\"https:\/\/irishmarchingbandsmedia.files.wordpress.com\/2019\/06\/screenshot-2019-06-28-at-01.55.05.png\",\"contentUrl\":\"https:\/\/irishmarchingbandsmedia.files.wordpress.com\/2019\/06\/screenshot-2019-06-28-at-01.55.05.png\"},{\"@type\":\"BreadcrumbList\",\"@id\":\"https:\/\/marchingbandsireland.com\/index.php\/2019\/06\/28\/weekend-preview-tyrone-fleadh-the-final-county\/#breadcrumb\",\"itemListElement\":[{\"@type\":\"ListItem\",\"position\":1,\"name\":\"Home\",\"item\":\"https:\/\/marchingbandsireland.com\/\"},{\"@type\":\"ListItem\",\"position\":2,\"name\":\"Weekend Preview; Tyrone Fleadh the Final County\"}]},{\"@type\":\"WebSite\",\"@id\":\"https:\/\/marchingbandsireland.com\/#website\",\"url\":\"https:\/\/marchingbandsireland.com\/\",\"name\":\"Marching Bands Ireland\",\"description\":\"\",\"publisher\":{\"@id\":\"https:\/\/marchingbandsireland.com\/#organization\"},\"potentialAction\":[{\"@type\":\"SearchAction\",\"target\":{\"@type\":\"EntryPoint\",\"urlTemplate\":\"https:\/\/marchingbandsireland.com\/?s={search_term_string}\"},\"query-input\":{\"@type\":\"PropertyValueSpecification\",\"valueRequired\":true,\"valueName\":\"search_term_string\"}}],\"inLanguage\":\"en-US\"},{\"@type\":\"Organization\",\"@id\":\"https:\/\/marchingbandsireland.com\/#organization\",\"name\":\"Marching Bands Ireland\",\"url\":\"https:\/\/marchingbandsireland.com\/\",\"logo\":{\"@type\":\"ImageObject\",\"inLanguage\":\"en-US\",\"@id\":\"https:\/\/marchingbandsireland.com\/#\/schema\/logo\/image\/\",\"url\":\"https:\/\/marchingbandsireland.com\/wp-content\/uploads\/2019\/05\/cropped-cropped-cropped-cropped-screenshot-2019-05-15-at-18.28.12-1.png\",\"contentUrl\":\"https:\/\/marchingbandsireland.com\/wp-content\/uploads\/2019\/05\/cropped-cropped-cropped-cropped-screenshot-2019-05-15-at-18.28.12-1.png\",\"width\":163,\"height\":90,\"caption\":\"Marching Bands Ireland\"},\"image\":{\"@id\":\"https:\/\/marchingbandsireland.com\/#\/schema\/logo\/image\/\"}},{\"@type\":\"Person\",\"@id\":\"https:\/\/marchingbandsireland.com\/#\/schema\/person\/26a2622a4210130c7c9d4bd3d00f617d\",\"name\":\"johnmcglade150\",\"image\":{\"@type\":\"ImageObject\",\"inLanguage\":\"en-US\",\"@id\":\"https:\/\/marchingbandsireland.com\/#\/schema\/person\/image\/\",\"url\":\"https:\/\/secure.gravatar.com\/avatar\/979e9af104a71021e505c9a012ff3b37ecb062273885cec6058e097e00f35dc6?s=96&d=mm&r=g\",\"contentUrl\":\"https:\/\/secure.gravatar.com\/avatar\/979e9af104a71021e505c9a012ff3b37ecb062273885cec6058e097e00f35dc6?s=96&d=mm&r=g\",\"caption\":\"johnmcglade150\"},\"sameAs\":[\"https:\/\/marchingbandsireland.com\"],\"url\":\"https:\/\/marchingbandsireland.com\/index.php\/author\/johnmcglade150\/\"}]}<\/script>\n<!-- \/ Yoast SEO plugin. -->","yoast_head_json":{"title":"Weekend Preview; Tyrone Fleadh the Final County - Marching Bands Ireland","robots":{"index":"index","follow":"follow","max-snippet":"max-snippet:-1","max-image-preview":"max-image-preview:large","max-video-preview":"max-video-preview:-1"},"canonical":"https:\/\/marchingbandsireland.com\/index.php\/2019\/06\/28\/weekend-preview-tyrone-fleadh-the-final-county\/","og_locale":"en_US","og_type":"article","og_title":"Weekend Preview; Tyrone Fleadh the Final County - Marching Bands Ireland","og_description":"Musicians across Ulster are preparing for a busy summer as the Comhaltas Ceolt\u00f3ir\u00ed \u00c9ireann 2019 County Fleadhanna get into full","og_url":"https:\/\/marchingbandsireland.com\/index.php\/2019\/06\/28\/weekend-preview-tyrone-fleadh-the-final-county\/","og_site_name":"Marching Bands Ireland","article_published_time":"2019-06-28T08:41:50+00:00","og_image":[{"width":375,"height":244,"url":"https:\/\/marchingbandsireland.com\/wp-content\/uploads\/2019\/06\/screenshot-2019-06-28-at-01.55.05.png","type":"image\/png"}],"author":"johnmcglade150","twitter_card":"summary_large_image","twitter_misc":{"Written by":"johnmcglade150","Est. reading time":"1 minute"},"schema":{"@context":"https:\/\/schema.org","@graph":[{"@type":"Article","@id":"https:\/\/marchingbandsireland.com\/index.php\/2019\/06\/28\/weekend-preview-tyrone-fleadh-the-final-county\/#article","isPartOf":{"@id":"https:\/\/marchingbandsireland.com\/index.php\/2019\/06\/28\/weekend-preview-tyrone-fleadh-the-final-county\/"},"author":{"name":"johnmcglade150","@id":"https:\/\/marchingbandsireland.com\/#\/schema\/person\/26a2622a4210130c7c9d4bd3d00f617d"},"headline":"Weekend Preview; Tyrone Fleadh the Final County","datePublished":"2019-06-28T08:41:50+00:00","mainEntityOfPage":{"@id":"https:\/\/marchingbandsireland.com\/index.php\/2019\/06\/28\/weekend-preview-tyrone-fleadh-the-final-county\/"},"wordCount":301,"commentCount":0,"publisher":{"@id":"https:\/\/marchingbandsireland.com\/#organization"},"image":{"@id":"https:\/\/marchingbandsireland.com\/index.php\/2019\/06\/28\/weekend-preview-tyrone-fleadh-the-final-county\/#primaryimage"},"thumbnailUrl":"https:\/\/irishmarchingbandsmedia.files.wordpress.com\/2019\/06\/screenshot-2019-06-28-at-01.55.05.png","articleSection":["Weekend Preview"],"inLanguage":"en-US","potentialAction":[{"@type":"CommentAction","name":"Comment","target":["https:\/\/marchingbandsireland.com\/index.php\/2019\/06\/28\/weekend-preview-tyrone-fleadh-the-final-county\/#respond"]}]},{"@type":"WebPage","@id":"https:\/\/marchingbandsireland.com\/index.php\/2019\/06\/28\/weekend-preview-tyrone-fleadh-the-final-county\/","url":"https:\/\/marchingbandsireland.com\/index.php\/2019\/06\/28\/weekend-preview-tyrone-fleadh-the-final-county\/","name":"Weekend Preview; Tyrone Fleadh the Final County - Marching Bands Ireland","isPartOf":{"@id":"https:\/\/marchingbandsireland.com\/#website"},"primaryImageOfPage":{"@id":"https:\/\/marchingbandsireland.com\/index.php\/2019\/06\/28\/weekend-preview-tyrone-fleadh-the-final-county\/#primaryimage"},"image":{"@id":"https:\/\/marchingbandsireland.com\/index.php\/2019\/06\/28\/weekend-preview-tyrone-fleadh-the-final-county\/#primaryimage"},"thumbnailUrl":"https:\/\/irishmarchingbandsmedia.files.wordpress.com\/2019\/06\/screenshot-2019-06-28-at-01.55.05.png","datePublished":"2019-06-28T08:41:50+00:00","breadcrumb":{"@id":"https:\/\/marchingbandsireland.com\/index.php\/2019\/06\/28\/weekend-preview-tyrone-fleadh-the-final-county\/#breadcrumb"},"inLanguage":"en-US","potentialAction":[{"@type":"ReadAction","target":["https:\/\/marchingbandsireland.com\/index.php\/2019\/06\/28\/weekend-preview-tyrone-fleadh-the-final-county\/"]}]},{"@type":"ImageObject","inLanguage":"en-US","@id":"https:\/\/marchingbandsireland.com\/index.php\/2019\/06\/28\/weekend-preview-tyrone-fleadh-the-final-county\/#primaryimage","url":"https:\/\/irishmarchingbandsmedia.files.wordpress.com\/2019\/06\/screenshot-2019-06-28-at-01.55.05.png","contentUrl":"https:\/\/irishmarchingbandsmedia.files.wordpress.com\/2019\/06\/screenshot-2019-06-28-at-01.55.05.png"},{"@type":"BreadcrumbList","@id":"https:\/\/marchingbandsireland.com\/index.php\/2019\/06\/28\/weekend-preview-tyrone-fleadh-the-final-county\/#breadcrumb","itemListElement":[{"@type":"ListItem","position":1,"name":"Home","item":"https:\/\/marchingbandsireland.com\/"},{"@type":"ListItem","position":2,"name":"Weekend Preview; Tyrone Fleadh the Final County"}]},{"@type":"WebSite","@id":"https:\/\/marchingbandsireland.com\/#website","url":"https:\/\/marchingbandsireland.com\/","name":"Marching Bands Ireland","description":"","publisher":{"@id":"https:\/\/marchingbandsireland.com\/#organization"},"potentialAction":[{"@type":"SearchAction","target":{"@type":"EntryPoint","urlTemplate":"https:\/\/marchingbandsireland.com\/?s={search_term_string}"},"query-input":{"@type":"PropertyValueSpecification","valueRequired":true,"valueName":"search_term_string"}}],"inLanguage":"en-US"},{"@type":"Organization","@id":"https:\/\/marchingbandsireland.com\/#organization","name":"Marching Bands Ireland","url":"https:\/\/marchingbandsireland.com\/","logo":{"@type":"ImageObject","inLanguage":"en-US","@id":"https:\/\/marchingbandsireland.com\/#\/schema\/logo\/image\/","url":"https:\/\/marchingbandsireland.com\/wp-content\/uploads\/2019\/05\/cropped-cropped-cropped-cropped-screenshot-2019-05-15-at-18.28.12-1.png","contentUrl":"https:\/\/marchingbandsireland.com\/wp-content\/uploads\/2019\/05\/cropped-cropped-cropped-cropped-screenshot-2019-05-15-at-18.28.12-1.png","width":163,"height":90,"caption":"Marching Bands Ireland"},"image":{"@id":"https:\/\/marchingbandsireland.com\/#\/schema\/logo\/image\/"}},{"@type":"Person","@id":"https:\/\/marchingbandsireland.com\/#\/schema\/person\/26a2622a4210130c7c9d4bd3d00f617d","name":"johnmcglade150","image":{"@type":"ImageObject","inLanguage":"en-US","@id":"https:\/\/marchingbandsireland.com\/#\/schema\/person\/image\/","url":"https:\/\/secure.gravatar.com\/avatar\/979e9af104a71021e505c9a012ff3b37ecb062273885cec6058e097e00f35dc6?s=96&d=mm&r=g","contentUrl":"https:\/\/secure.gravatar.com\/avatar\/979e9af104a71021e505c9a012ff3b37ecb062273885cec6058e097e00f35dc6?s=96&d=mm&r=g","caption":"johnmcglade150"},"sameAs":["https:\/\/marchingbandsireland.com"],"url":"https:\/\/marchingbandsireland.com\/index.php\/author\/johnmcglade150\/"}]}},"jetpack_publicize_connections":[],"jetpack_featured_media_url":"","jetpack_sharing_enabled":true,"_links":{"self":[{"href":"https:\/\/marchingbandsireland.com\/index.php\/wp-json\/wp\/v2\/posts\/1526","targetHints":{"allow":["GET"]}}],"collection":[{"href":"https:\/\/marchingbandsireland.com\/index.php\/wp-json\/wp\/v2\/posts"}],"about":[{"href":"https:\/\/marchingbandsireland.com\/index.php\/wp-json\/wp\/v2\/types\/post"}],"author":[{"embeddable":true,"href":"https:\/\/marchingbandsireland.com\/index.php\/wp-json\/wp\/v2\/users\/1"}],"replies":[{"embeddable":true,"href":"https:\/\/marchingbandsireland.com\/index.php\/wp-json\/wp\/v2\/comments?post=1526"}],"version-history":[{"count":0,"href":"https:\/\/marchingbandsireland.com\/index.php\/wp-json\/wp\/v2\/posts\/1526\/revisions"}],"wp:attachment":[{"href":"https:\/\/marchingbandsireland.com\/index.php\/wp-json\/wp\/v2\/media?parent=1526"}],"wp:term":[{"taxonomy":"category","embeddable":true,"href":"https:\/\/marchingbandsireland.com\/index.php\/wp-json\/wp\/v2\/categories?post=1526"},{"taxonomy":"post_tag","embeddable":true,"href":"https:\/\/marchingbandsireland.com\/index.php\/wp-json\/wp\/v2\/tags?post=1526"}],"curies":[{"name":"wp","href":"https:\/\/api.w.org\/{rel}","templated":true}]}}